{"id":44297,"date":"2023-11-22T13:08:00","date_gmt":"2023-11-22T16:08:00","guid":{"rendered":"https:\/\/www.radiopresidenteibanez.cl\/web\/?p=44297"},"modified":"2023-11-22T11:30:06","modified_gmt":"2023-11-22T14:30:06","slug":"alumnos-de-escuela-patagonia-regalaron-musica-en-celebracion-de-la-semana-de-la-educacion-parvularia","status":"publish","type":"post","link":"https:\/\/www.radiopresidenteibanez.cl\/web\/alumnos-de-escuela-patagonia-regalaron-musica-en-celebracion-de-la-semana-de-la-educacion-parvularia\/","title":{"rendered":"ALUMNOS DE ESCUELA PATAGONIA REGALARON MUSICA EN CELEBRACION DE LA SEMANA DE LA EDUCACION PARVULARIA"},"content":{"rendered":"\n<p>En el marco de la celebraci\u00f3n de la Semana de la Educaci\u00f3n Parvularia, un grupo de alumnos de la Escuela Patagonia junto a su Profesor de Educaci\u00f3n Musical Jorge Huidobro, visitaron a los peque\u00f1os del Jard\u00edn Infantil \u201cJosh Kee\u201d, quienes disfrutaron de una breve presentaci\u00f3n navide\u00f1a que les llev\u00f3 como saludo este grupo de j\u00f3venes estudiantes de 7mo y 8vo a\u00f1o b\u00e1sico de la Escuela.<\/p>\n\n\n\n<p>Los j\u00f3venes m\u00fasicos, en sus horas de clases, prepararon un repertorio de canciones navide\u00f1as que ser\u00e1n parte de la celebraci\u00f3n que se llevar\u00e1 a cabo en el establecimiento el pr\u00f3ximo 7 de diciembre y en la cual, todos los cursos presentar\u00e1n temas navide\u00f1os preparados por sus respectivos Profesores Jefes para ir cerrando el a\u00f1o escolar acorde a las festividades tradicionales de fin de a\u00f1o.<\/p>\n\n\n\n<p>Recientemente, la Escuela acaba de realizar su Primer Festival de M\u00fasica en ingl\u00e9s, donde los ni\u00f1os y ni\u00f1as, de la mano de los Profesores Luis Rivas (ingl\u00e9s) y Macarena Vel\u00e1squez (m\u00fasica) sorprendieron a todos con su excelente manejo del idioma aplicado a las canciones preparadas junto a la profesora.<\/p>\n\n\n\n<p>Por su parte, la Educadora Sonia Gallardo, visit\u00f3 tambi\u00e9n junto a sus peque\u00f1os de la Escuela Patagonia el Jard\u00edn Josh Kee por la celebraci\u00f3n de la semana de la Educaci\u00f3n Parvularia volviendo muy contentos de compartir con sus peque\u00f1os pares, un encuentro de amor fraterno donde todos los ni\u00f1os son iguales en bondad y pureza.&nbsp;&nbsp;<\/p>\n\n\n\n<p>El Profesor Huidobro, agradeci\u00f3 de manera especial la c\u00e1lida acogida de parte de la Directora del Jard\u00edn Josh Kee, la Educadora se\u00f1ora Elizabeth Gallardo, las Educadoras, T\u00e9cnicos y funcionarias y qued\u00f3 gratamente sorprendido por la atenci\u00f3n que prestaron los peque\u00f1itos que maravillados escuchaban, seguramente por primera vez, los c\u00e1lidos sonidos de flautas, mel\u00f3dicas, teclados, y el percutir tintineante de metal\u00f3fonos, panderetas y tri\u00e1ngulos que, con las canoras voces de los j\u00f3venes estudiantes, dieron un marco de festividad y alegr\u00eda a este hermoso encuentro de generaciones de estudiantes y p\u00e1rvulos, encuentro que sin quererlo fue el \u00faltimo, pues este hermoso Jard\u00edn que alberg\u00f3 las risas de tantos ni\u00f1os a lo largo de muchos a\u00f1os, cerrar\u00e1 sus puertas por el traspaso de los establecimientos municipales al SLEP. Pero all\u00e1, donde sea que vayan esos ni\u00f1os, llevar\u00e1n en sus peque\u00f1as mentes y en sus puros corazones, el recuerdo de las dulces melod\u00edas que les llevamos de regalo.<\/p>\n\n\n\n<p>Finalmente, el Profesor Huidobro agradeci\u00f3 a sus alumnos de la Escuela Patagonia por llevar la m\u00fasica a las almas de estos peque\u00f1itos del Jard\u00edn Infantil Josh Kee. Es una fecunda semilla que estoy seguro, ha ca\u00eddo en la tierra f\u00e9rtil y pr\u00edstina de las infancias de nuestra querida regi\u00f3n.<\/p>\n","protected":false},"excerpt":{"rendered":"<p>En el marco de la celebraci\u00f3n de la Semana de la Educaci\u00f3n Parvularia, un grupo de alumnos de la Escuela Patagonia junto a su Profesor de Educaci\u00f3n Musical Jorge Huidobro,&#8230; <a class=\"read-more\" href=\"https:\/\/www.radiopresidenteibanez.cl\/web\/alumnos-de-escuela-patagonia-regalaron-musica-en-celebracion-de-la-semana-de-la-educacion-parvularia\/\">Leer m\u00e1s<\/a><\/p>\n","protected":false},"author":2,"featured_media":44298,"comment_status":"closed","ping_status":"closed","sticky":false,"template":"","format":"standard","meta":{"footnotes":""},"categories":[1],"tags":[],"class_list":["post-44297","post","type-post","status-publish","format-standard","has-post-thumbnail","hentry","category-cronica"],"_links":{"self":[{"href":"https:\/\/www.radiopresidenteibanez.cl\/web\/wp-json\/wp\/v2\/posts\/44297","targetHints":{"allow":["GET"]}}],"collection":[{"href":"https:\/\/www.radiopresidenteibanez.cl\/web\/wp-json\/wp\/v2\/posts"}],"about":[{"href":"https:\/\/www.radiopresidenteibanez.cl\/web\/wp-json\/wp\/v2\/types\/post"}],"author":[{"embeddable":true,"href":"https:\/\/www.radiopresidenteibanez.cl\/web\/wp-json\/wp\/v2\/users\/2"}],"replies":[{"embeddable":true,"href":"https:\/\/www.radiopresidenteibanez.cl\/web\/wp-json\/wp\/v2\/comments?post=44297"}],"version-history":[{"count":0,"href":"https:\/\/www.radiopresidenteibanez.cl\/web\/wp-json\/wp\/v2\/posts\/44297\/revisions"}],"wp:featuredmedia":[{"embeddable":true,"href":"https:\/\/www.radiopresidenteibanez.cl\/web\/wp-json\/wp\/v2\/media\/44298"}],"wp:attachment":[{"href":"https:\/\/www.radiopresidenteibanez.cl\/web\/wp-json\/wp\/v2\/media?parent=44297"}],"wp:term":[{"taxonomy":"category","embeddable":true,"href":"https:\/\/www.radiopresidenteibanez.cl\/web\/wp-json\/wp\/v2\/categories?post=44297"},{"taxonomy":"post_tag","embeddable":true,"href":"https:\/\/www.radiopresidenteibanez.cl\/web\/wp-json\/wp\/v2\/tags?post=44297"}],"curies":[{"name":"wp","href":"https:\/\/api.w.org\/{rel}","templated":true}]}}