{"id":44291,"date":"2023-11-22T10:34:00","date_gmt":"2023-11-22T13:34:00","guid":{"rendered":"https:\/\/www.radiopresidenteibanez.cl\/web\/?p=44291"},"modified":"2023-11-22T08:37:41","modified_gmt":"2023-11-22T11:37:41","slug":"en-puerto-williams-se-vivio-una-nueva-jornada-de-dialogo-ciudadano-por-la-region-que-queremos","status":"publish","type":"post","link":"https:\/\/www.radiopresidenteibanez.cl\/web\/en-puerto-williams-se-vivio-una-nueva-jornada-de-dialogo-ciudadano-por-la-region-que-queremos\/","title":{"rendered":"EN PUERTO WILLIAMS SE VIVIO UNA NUEVA JORNADA DE DIALOGO CIUDADANO POR LA REGION QUE QUEREMOS"},"content":{"rendered":"\n<p>La tarde de lunes reci\u00e9n pasado, el gobernador de Magallanes y de la Ant\u00e1rtica Chilena, Jorge Flies A\u00f1\u00f3n, encabez\u00f3 el encuentro participativo enmarcado en la Pol\u00edtica Nacional de Zonas Extremas en la Comuna de Cabo de Hornos, que se desarroll\u00f3 en dependencias del Centro Subant\u00e1rtico.<\/p>\n\n\n\n<p>Quienes participaron de la actividad se dividieron en 3 grupos, &nbsp;instancia en que priorizaron temas relacionados al centro artesanal, gas natural, camino de Vicu\u00f1a Yendegaia, pavimentaci\u00f3n de calles, entre otros t\u00f3picos.<\/p>\n\n\n\n<p>Al finalizar la jornada que se extendi\u00f3 por m\u00e1s de 2 horas, Flies expres\u00f3&nbsp; \u2013 \u201choy le hemos contado a los habitantes los proyectos que se podr\u00edan realizar y concretar en el marco del Plan de Zonas Extremas. Adem\u00e1s, de escuchar sus propuestas y anhelos de c\u00f3mo sue\u00f1an su comuna de aqu\u00ed a 10 a\u00f1os\u201d.<\/p>\n\n\n\n<p>En tanto, el alcalde de Cabo de Hornos, Patricio Fern\u00e1ndez, manifest\u00f3 que \u201ces una gran oportunidad poder dialogar con los vecinos y vecinas de Puerto Williams, de c\u00f3mo ellos esperan que sea la zona donde viven\u201d.<\/p>\n\n\n\n<p>Cabe recordar que el Plan de Zonas Extremas, nace como una iniciativa del gobierno de la presidenta Michelle Bachelet, en su segundo mandato. El objetivo era combatir las desigualdades desde el punto de vista territorial. En la actualidad, el presidente Gabriel Boric lo estableci\u00f3&nbsp; como una pol\u00edtica nacional.<\/p>\n\n\n\n<p>El pr\u00f3ximo dialogo ciudadano se llevara a cabo en Punta Arenas.<\/p>\n","protected":false},"excerpt":{"rendered":"<p>La tarde de lunes reci\u00e9n pasado, el gobernador de Magallanes y de la Ant\u00e1rtica Chilena, Jorge Flies A\u00f1\u00f3n, encabez\u00f3 el encuentro participativo enmarcado en la Pol\u00edtica Nacional de Zonas Extremas&#8230; <a class=\"read-more\" href=\"https:\/\/www.radiopresidenteibanez.cl\/web\/en-puerto-williams-se-vivio-una-nueva-jornada-de-dialogo-ciudadano-por-la-region-que-queremos\/\">Leer m\u00e1s<\/a><\/p>\n","protected":false},"author":2,"featured_media":44292,"comment_status":"closed","ping_status":"closed","sticky":false,"template":"","format":"standard","meta":{"footnotes":""},"categories":[1],"tags":[],"class_list":["post-44291","post","type-post","status-publish","format-standard","has-post-thumbnail","hentry","category-cronica"],"_links":{"self":[{"href":"https:\/\/www.radiopresidenteibanez.cl\/web\/wp-json\/wp\/v2\/posts\/44291","targetHints":{"allow":["GET"]}}],"collection":[{"href":"https:\/\/www.radiopresidenteibanez.cl\/web\/wp-json\/wp\/v2\/posts"}],"about":[{"href":"https:\/\/www.radiopresidenteibanez.cl\/web\/wp-json\/wp\/v2\/types\/post"}],"author":[{"embeddable":true,"href":"https:\/\/www.radiopresidenteibanez.cl\/web\/wp-json\/wp\/v2\/users\/2"}],"replies":[{"embeddable":true,"href":"https:\/\/www.radiopresidenteibanez.cl\/web\/wp-json\/wp\/v2\/comments?post=44291"}],"version-history":[{"count":0,"href":"https:\/\/www.radiopresidenteibanez.cl\/web\/wp-json\/wp\/v2\/posts\/44291\/revisions"}],"wp:featuredmedia":[{"embeddable":true,"href":"https:\/\/www.radiopresidenteibanez.cl\/web\/wp-json\/wp\/v2\/media\/44292"}],"wp:attachment":[{"href":"https:\/\/www.radiopresidenteibanez.cl\/web\/wp-json\/wp\/v2\/media?parent=44291"}],"wp:term":[{"taxonomy":"category","embeddable":true,"href":"https:\/\/www.radiopresidenteibanez.cl\/web\/wp-json\/wp\/v2\/categories?post=44291"},{"taxonomy":"post_tag","embeddable":true,"href":"https:\/\/www.radiopresidenteibanez.cl\/web\/wp-json\/wp\/v2\/tags?post=44291"}],"curies":[{"name":"wp","href":"https:\/\/api.w.org\/{rel}","templated":true}]}}