{"id":44263,"date":"2023-11-21T10:33:00","date_gmt":"2023-11-21T13:33:00","guid":{"rendered":"https:\/\/www.radiopresidenteibanez.cl\/web\/?p=44263"},"modified":"2023-11-21T08:43:30","modified_gmt":"2023-11-21T11:43:30","slug":"delegado-presidencial-destaco-coordinacion-de-fiscalia-pdi-y-aduana-en-operativo-para-desarticular-banda-que-traficaba-cigarrillos","status":"publish","type":"post","link":"https:\/\/www.radiopresidenteibanez.cl\/web\/delegado-presidencial-destaco-coordinacion-de-fiscalia-pdi-y-aduana-en-operativo-para-desarticular-banda-que-traficaba-cigarrillos\/","title":{"rendered":"DELEGADO PRESIDENCIAL DESTACO COORDINACION DE FISCALIA, PDI Y ADUANA EN OPERATIVO PARA DESARTICULAR BANDA QUE TRAFICABA CIGARRILLOS"},"content":{"rendered":"\n<p>El Delegado Presidencial Regional, Jos\u00e9 Ruiz Pivcevic, elogi\u00f3 la eficiente coordinaci\u00f3n entre la Fiscal\u00eda, la Polic\u00eda de Investigaciones (PDI) y el Servicio Nacional de Aduanas en la operaci\u00f3n para desarticular una banda dedicada al tr\u00e1fico de cigarrillos. \u201cLa seguridad en nuestra regi\u00f3n es una prioridad que debemos preservar.&nbsp; Cuidar nuestras fronteras va m\u00e1s all\u00e1 de la integridad territorial. Es proteger a nuestra comunidad y mantener la paz y seguridad en nuestra regi\u00f3n\u201d, precis\u00f3 la autoridad.<\/p>\n\n\n\n<p>La exitosa intervenci\u00f3n result\u00f3 en la incautaci\u00f3n de 80 mil cajetillas de cigarrillos, 4 millones de pesos en efectivo, as\u00ed como la confiscaci\u00f3n de 14 veh\u00edculos y un cami\u00f3n. \u00abLa delincuencia no conoce l\u00edmites, pero con nuestra cooperaci\u00f3n decidida, continuaremos construyendo un Magallanes seguro y en paz\u00bb, agreg\u00f3 Ruiz Pivcevic.<\/p>\n\n\n\n<p>\u201cLa delincuencia no conoce l\u00edmites, pero con nuestra cooperaci\u00f3n decidida, seguiremos construyendo un Magallanes seguro y en paz, agreg\u00f3 Ruiz.<\/p>\n\n\n\n<p>El Delegado Presidencial inform\u00f3 que, gracias a la visi\u00f3n del Presidente Gabriel Boric, el presupuesto destinado a seguridad experiment\u00f3 un aumento del 4.4% este a\u00f1o, y se espera alcanzar el 5.7% para el pr\u00f3ximo. Este respaldo financiero tiene como objetivo fortalecer las capacidades para garantizar la tranquilidad de los habitantes de Magallanes.<\/p>\n\n\n\n<p>Ruiz Pivcevic detall\u00f3 la implementaci\u00f3n de un plan operativo de intervenci\u00f3n territorial, que contempla una presencia policial reforzada para frenar los delitos violentos y el uso de armas de fuego en el pa\u00eds. Asimismo, se est\u00e1 trabajando en la ampliaci\u00f3n de medidas para mejorar la capacidad de realizar expulsiones migratorias, aunque aclar\u00f3 que esta medida requiere modificaciones administrativas y cambios legislativos.<\/p>\n\n\n\n<p>Finalmente, la autoridad se\u00f1al\u00f3 que \u201cel trabajo coordinado no solo es esencial para detener a las bandas criminales, sino que tambi\u00e9n representa un escudo protector para nuestras fronteras. La sinergia entre la Fiscal\u00eda, la PDI y el servicio nacional de Aduanas es clave para mantener la paz y seguridad en nuestra regi\u00f3n\u201d.<\/p>\n","protected":false},"excerpt":{"rendered":"<p>El Delegado Presidencial Regional, Jos\u00e9 Ruiz Pivcevic, elogi\u00f3 la eficiente coordinaci\u00f3n entre la Fiscal\u00eda, la Polic\u00eda de Investigaciones (PDI) y el Servicio Nacional de Aduanas en la operaci\u00f3n para desarticular&#8230; <a class=\"read-more\" href=\"https:\/\/www.radiopresidenteibanez.cl\/web\/delegado-presidencial-destaco-coordinacion-de-fiscalia-pdi-y-aduana-en-operativo-para-desarticular-banda-que-traficaba-cigarrillos\/\">Leer m\u00e1s<\/a><\/p>\n","protected":false},"author":2,"featured_media":44264,"comment_status":"closed","ping_status":"closed","sticky":false,"template":"","format":"standard","meta":{"footnotes":""},"categories":[1],"tags":[],"class_list":["post-44263","post","type-post","status-publish","format-standard","has-post-thumbnail","hentry","category-cronica"],"_links":{"self":[{"href":"https:\/\/www.radiopresidenteibanez.cl\/web\/wp-json\/wp\/v2\/posts\/44263","targetHints":{"allow":["GET"]}}],"collection":[{"href":"https:\/\/www.radiopresidenteibanez.cl\/web\/wp-json\/wp\/v2\/posts"}],"about":[{"href":"https:\/\/www.radiopresidenteibanez.cl\/web\/wp-json\/wp\/v2\/types\/post"}],"author":[{"embeddable":true,"href":"https:\/\/www.radiopresidenteibanez.cl\/web\/wp-json\/wp\/v2\/users\/2"}],"replies":[{"embeddable":true,"href":"https:\/\/www.radiopresidenteibanez.cl\/web\/wp-json\/wp\/v2\/comments?post=44263"}],"version-history":[{"count":0,"href":"https:\/\/www.radiopresidenteibanez.cl\/web\/wp-json\/wp\/v2\/posts\/44263\/revisions"}],"wp:featuredmedia":[{"embeddable":true,"href":"https:\/\/www.radiopresidenteibanez.cl\/web\/wp-json\/wp\/v2\/media\/44264"}],"wp:attachment":[{"href":"https:\/\/www.radiopresidenteibanez.cl\/web\/wp-json\/wp\/v2\/media?parent=44263"}],"wp:term":[{"taxonomy":"category","embeddable":true,"href":"https:\/\/www.radiopresidenteibanez.cl\/web\/wp-json\/wp\/v2\/categories?post=44263"},{"taxonomy":"post_tag","embeddable":true,"href":"https:\/\/www.radiopresidenteibanez.cl\/web\/wp-json\/wp\/v2\/tags?post=44263"}],"curies":[{"name":"wp","href":"https:\/\/api.w.org\/{rel}","templated":true}]}}