{"id":44260,"date":"2023-11-21T09:31:00","date_gmt":"2023-11-21T12:31:00","guid":{"rendered":"https:\/\/www.radiopresidenteibanez.cl\/web\/?p=44260"},"modified":"2023-11-21T08:33:13","modified_gmt":"2023-11-21T11:33:13","slug":"y-yo-veia-que-le-seguian-ya-mucha-gente-le-creia-y-el-les-hablaba-les-ensenaba-nociones-basicas-canta-carlos-justiniano","status":"publish","type":"post","link":"https:\/\/www.radiopresidenteibanez.cl\/web\/y-yo-veia-que-le-seguian-ya-mucha-gente-le-creia-y-el-les-hablaba-les-ensenaba-nociones-basicas-canta-carlos-justiniano\/","title":{"rendered":"\u00ab..Y yo ve\u00eda que le segu\u00edan ya mucha gente le cre\u00eda y \u00e9l les hablaba les ense\u00f1aba nociones b\u00e1sicas..\u00bb canta Carlos Justiniano"},"content":{"rendered":"\n<p>&nbsp;La pregunta ha sido siempre clara, repiti\u00e9ndose infinidad de veces. No obstante, en nuestra opini\u00f3n, est\u00e1 equivocada.<br>Nos dicen por qu\u00e9 no dejamos expuestos a los instrumentos estatales del trabajo por no hacer cumplir la legislaci\u00f3n, en vez de vivir lamentando que tal o cual norma es anti trabajador.<br>Y aqu\u00ed se incluye a las Inspecciones del Trabajo y los jefes respectivos en todas las oficinas.<br>No vamos a negar que en algunos casos hay una burocracia que molesta, que en m\u00e1s de una ocasi\u00f3n piden elementos que se han llevado con anterioridad pero que al parecer nadie registra, por lo que vuelven a ser requeridos, incluso a veces por el mismo funcionario m\u00e1s de una vez.<br>Tampoco podemos ignorar la demora con que se fiscaliza una u otra denuncia o reclamo y en algunos casos simplemente no hay fiscalizaci\u00f3n.<br>Para qu\u00e9 insistir en los horarios de atenci\u00f3n y las veces en que estos no se respetan o bien nos quedamos ah\u00ed esperando sin que nadie nos atienda.<br>No obstante, estas anomal\u00edas no son una constante y muchas de las veces que nos apersonamos en las oficinas directamente, la atenci\u00f3n se consigue y tambi\u00e9n se recibe buena orientaci\u00f3n.<br>Solo resta mejorar el funcionamiento y hacerlo constante.<br>Seamos si muy claros, hay carencia de personal y los funcionarios no dan abasto y esto sucede desde hace mucho, mucho tiempo.<\/p>\n\n\n\n<p>2.- Lo que s\u00ed debemos tener muy claro, es que ellos no son responsables de las leyes que se dictan, solo les corresponde la aplicaci\u00f3n de las mismas. Las pautas y reglamentos que se aplican tampoco son de responsabilidad de los funcionarios.<br>No es culpa de los subalternos que a seis meses de estar en vigencia la ley, a\u00fan no haya un reglamento que establezca con claridad los mecanismos y normas de aplicaci\u00f3n de la jornada de trabajo en ciclos de hasta 4 semanas. Esto, al igual que en normas del trabajo dictadas anteriormente, son responsabilidad del gobierno de turno y del parlamento que aprueba dichas leyes.<br>Veamos, no es responsabilidad de los funcionarios del trabajo que se haya legislado para impedir la entrega de balances y estados de resultados a las peque\u00f1a y micro empresas, cuando este segmento de empresas representan m\u00e1s del 90% del total de las empresas en el pa\u00eds.<br>Todas las empresas ten\u00edan obligaci\u00f3n de entregar estos documentos imprescindibles para la elaboraci\u00f3n de un proyecto de contrato colectivo, hasta que en 2016 se modifica la legislaci\u00f3n.<br>Como este caso, son decenas de ejemplos los que podr\u00edamos exponer de c\u00f3mo la legislaci\u00f3n ha ido en retroceso. Entonces, hay que reclamar contra gobiernos y parlamentos, generar conciencia en millones de privados de casi todo para que las cosas cambien donde deben de cambiar.<br>Seguir haciendo responsables de todos nuestros males a quienes no tienen la culpa, es improcedente y nos aleja del objetivo.<\/p>\n","protected":false},"excerpt":{"rendered":"<p>&nbsp;La pregunta ha sido siempre clara, repiti\u00e9ndose infinidad de veces. No obstante, en nuestra opini\u00f3n, est\u00e1 equivocada.Nos dicen por qu\u00e9 no dejamos expuestos a los instrumentos estatales del trabajo por&#8230; <a class=\"read-more\" href=\"https:\/\/www.radiopresidenteibanez.cl\/web\/y-yo-veia-que-le-seguian-ya-mucha-gente-le-creia-y-el-les-hablaba-les-ensenaba-nociones-basicas-canta-carlos-justiniano\/\">Leer m\u00e1s<\/a><\/p>\n","protected":false},"author":2,"featured_media":44261,"comment_status":"closed","ping_status":"closed","sticky":false,"template":"","format":"standard","meta":{"footnotes":""},"categories":[1],"tags":[],"class_list":["post-44260","post","type-post","status-publish","format-standard","has-post-thumbnail","hentry","category-cronica"],"_links":{"self":[{"href":"https:\/\/www.radiopresidenteibanez.cl\/web\/wp-json\/wp\/v2\/posts\/44260","targetHints":{"allow":["GET"]}}],"collection":[{"href":"https:\/\/www.radiopresidenteibanez.cl\/web\/wp-json\/wp\/v2\/posts"}],"about":[{"href":"https:\/\/www.radiopresidenteibanez.cl\/web\/wp-json\/wp\/v2\/types\/post"}],"author":[{"embeddable":true,"href":"https:\/\/www.radiopresidenteibanez.cl\/web\/wp-json\/wp\/v2\/users\/2"}],"replies":[{"embeddable":true,"href":"https:\/\/www.radiopresidenteibanez.cl\/web\/wp-json\/wp\/v2\/comments?post=44260"}],"version-history":[{"count":0,"href":"https:\/\/www.radiopresidenteibanez.cl\/web\/wp-json\/wp\/v2\/posts\/44260\/revisions"}],"wp:featuredmedia":[{"embeddable":true,"href":"https:\/\/www.radiopresidenteibanez.cl\/web\/wp-json\/wp\/v2\/media\/44261"}],"wp:attachment":[{"href":"https:\/\/www.radiopresidenteibanez.cl\/web\/wp-json\/wp\/v2\/media?parent=44260"}],"wp:term":[{"taxonomy":"category","embeddable":true,"href":"https:\/\/www.radiopresidenteibanez.cl\/web\/wp-json\/wp\/v2\/categories?post=44260"},{"taxonomy":"post_tag","embeddable":true,"href":"https:\/\/www.radiopresidenteibanez.cl\/web\/wp-json\/wp\/v2\/tags?post=44260"}],"curies":[{"name":"wp","href":"https:\/\/api.w.org\/{rel}","templated":true}]}}