{"id":44250,"date":"2023-11-20T17:49:00","date_gmt":"2023-11-20T20:49:00","guid":{"rendered":"https:\/\/www.radiopresidenteibanez.cl\/web\/?p=44250"},"modified":"2023-11-20T11:17:16","modified_gmt":"2023-11-20T14:17:16","slug":"estudiantes-junto-a-sus-docentes-de-28-proyectos-de-investigacion-e-innovacion-escolar-socializaron-sus-experiencias-cientificas","status":"publish","type":"post","link":"https:\/\/www.radiopresidenteibanez.cl\/web\/estudiantes-junto-a-sus-docentes-de-28-proyectos-de-investigacion-e-innovacion-escolar-socializaron-sus-experiencias-cientificas\/","title":{"rendered":"ESTUDIANTES JUNTO A SUS DOCENTES DE 28 PROYECTOS DE INVESTIGACION E INNOVACION ESCOLAR SOCIALIZARON SUS EXPERIENCIAS CIENTIFICAS"},"content":{"rendered":"\n<p>150 representantes de distintos establecimientos educacionales de&nbsp;la regi\u00f3n socializaron sus 28 proyectos de Investigaci\u00f3n e&nbsp;Innovaci\u00f3n Escolar Explora 2023, durante tres d\u00edas en el Hotel Diego de Almagro.<\/p>\n\n\n\n<p>Esta se enmarc\u00f3 en el Instrumento de Investigaci\u00f3n e Innovaci\u00f3n&nbsp; Escolar (IIE), siendo una iniciativa impulsada por el Proyecto Explora Magallanes, ejecutado por la Universidad de Magallanes. Esta actividad tuvo como objetivo socializar los proyectos de investigaci\u00f3n e innovaci\u00f3n escolar &nbsp;en un espacio estimulante donde se compartieron experiencias de distintos\/as estudiantes y docentes a sobre sus proyectos de investigaci\u00f3n y\/o innovaci\u00f3n escolar.<\/p>\n\n\n\n<p>En la inauguraci\u00f3n estuvieron presentes la Decana de la Facultad de Educaci\u00f3n de la Universidad de Magallanes, Marlene Alvarado, el SEREMI de Educaci\u00f3n, Valent\u00edn Aguilera G\u00f3mez, la Seremi de Ciencia &nbsp;de la Macrozona Austral, Ver\u00f3nica Vallejos, la subdirectora del SLEP, Elizabeth Ar\u00e1nguiz ,la Jefa de Comunicaciones de la INACH, Andrea Pe\u00f1a y el Coordinador Ejecutivo de PAR Explora Magallanes, Hermann Reiher.<\/p>\n\n\n\n<p>La Seremi de Ciencia de la Macrozona Austral, Ver\u00f3nica Vallejos, se\u00f1al\u00f3 que \u201cesta instancia no s\u00f3lo permite que se conozcan los proyectos sino adem\u00e1s que permite&nbsp; que&nbsp; los y las estudiantes y docentes puedan interactuar entre ellos, eso para nosotros desde el ministerio es sumamente importante porque es la gran posibilidad de conocer , interactuar y mejorar los propios proyectos de investigaci\u00f3n dentro de los propios pares\u201d.<\/p>\n\n\n\n<p>Al respecto, la Decana de la Facultad de Educaci\u00f3n y Ciencias Sociales ,Marlene Alvarado coment\u00f3 que \u201c para nuestra instituci\u00f3n tiene una importancia muy significativa, el poder ser ese puente y &nbsp;de alguna forma operacionalizar &nbsp;lo que corresponde el PAR Explora Magallanes. Adem\u00e1s, comentar que hemos estado en diferentes instancias y&nbsp; cubre la real importancia el que un programa pueda considerar los diferentes \u00e1mbitos educativos y&nbsp; puedan llegar&nbsp; a ni\u00f1os y adolescentes a conocer de ciencia e investigaci\u00f3n y eso es muy significativo\u201d.<\/p>\n\n\n\n<p><strong>Otras actividades<\/strong><\/p>\n\n\n\n<p>Durante los tres d\u00edas que dur\u00f3 la socializaci\u00f3n, los participantes fueron parte de distintos talleres y espacios de di\u00e1logo compartiendo el proceso de construcci\u00f3n de sus proyectos a trav\u00e9s de un cubo l\u00fadico.<\/p>\n\n\n\n<p>Adem\u00e1s, los y las docentes se reunieron con Eduardo Pino, psic\u00f3logo de la Universidad de Magallanes, con quien compartieron experiencias y fortalecieron metodol\u00f3gicas de herramientas sobre el manejo de emociones en el aula.<\/p>\n\n\n\n<p>Los y las estudiantes, realizaron el taller \u201cMola Construcci\u00f3n\u201d, organizada por la Facultad en Ingenier\u00eda en Construcci\u00f3n y el Proyecto Ingenier\u00eda 2030 de la UMAG, que tuvo como objetivo motivar a las y los estudiantes a conocer tem\u00e1ticas constructivas y a considerar estudiar este tipo de carrera.<\/p>\n\n\n\n<p>Mientras que el \u00faltimo d\u00eda, los y las participantes fueron parte del taller \u201cEl Camino hacia la Ciencia\u201d, en el cual la estudiante Martina Lara y el estudiante Basti\u00e1n Villarroel fueron los moradores, quienes&nbsp;&nbsp; junto a los asistentes pudieron conocer y preguntar sus inquietudes a los cient\u00edficos de la Universidad de Magallanes, Gerardo Salfate, Flavia Morello y Roberto Uribe. M\u00e1s tarde, participaron del taller \u201c Migremos a la Ant\u00e1rtica\u201d, &nbsp;a cargo de la Encargada de Educaci\u00f3n de INACH, Jessica Paredes, en el cual pudieron conocer y aprender de manera l\u00fadica sobre las aves ant\u00e1rticas.<\/p>\n\n\n\n<p>&nbsp;La directora PAR Explora Magallanes, Claudia Salinas, dijo que \u201ccomo equipo PAR Explora Magallanes estamos muy contentos porque ha sido una jornada intensa de mucha reflexi\u00f3n sobre los procesos&nbsp; de estas investigaciones&nbsp; e innovaciones escolares y que hoy muestran sus frutos, las y los estudiantes han podido compartir sus experiencias y tambi\u00e9n visualizar de qu\u00e9 manera pueden mejorar los procesos de investigaci\u00f3n para el pr\u00f3ximo a\u00f1o. Tambi\u00e9n el que los docentes hayan estado en los tres d\u00edas de jornadas dan una se\u00f1al que se pueda realizar este tipo de actividades y que necesitamos espacios de socializaci\u00f3n para que podamos compartir con ni\u00f1os, ni\u00f1as y adolescentes\u201d.<\/p>\n\n\n\n<p>En tanto los y las participantes, valoraron la actividad. Uno de ellos, fue la docente Paola Vidal de la Escuela Pedro Pablo Lemaitre, dijo que \u201cestos tres d\u00edas fueron muy enriquecedores hemos compartido y aprendido un mont\u00f3n y nos hemos conocido, aprendiendo a trabajar en equipo que es lo m\u00e1s valioso que rescato de la Jornada\u201d. En la Estudiante del Liceo Gabriela Mistral de Puerto Natales, Gisell Gallardo Coment\u00f3 que \u201cme pareci\u00f3 muy interesante la jornada ya que hubo tallares, actividades de ingenier\u00eda y otras, las que me pareci\u00f3 muy entretenida ya que en Natales no se hacen actividades as\u00ed\u201d.<\/p>\n\n\n\n<p>Finalmente, se reconocieron a cada una de las y los participantes de los establecimientos&nbsp;educacionales entreg\u00e1ndoles un diploma y un set de libros para establecimiento educacional.<\/p>\n","protected":false},"excerpt":{"rendered":"<p>150 representantes de distintos establecimientos educacionales de&nbsp;la regi\u00f3n socializaron sus 28 proyectos de Investigaci\u00f3n e&nbsp;Innovaci\u00f3n Escolar Explora 2023, durante tres d\u00edas en el Hotel Diego de Almagro. Esta se enmarc\u00f3&#8230; <a class=\"read-more\" href=\"https:\/\/www.radiopresidenteibanez.cl\/web\/estudiantes-junto-a-sus-docentes-de-28-proyectos-de-investigacion-e-innovacion-escolar-socializaron-sus-experiencias-cientificas\/\">Leer m\u00e1s<\/a><\/p>\n","protected":false},"author":2,"featured_media":44251,"comment_status":"closed","ping_status":"closed","sticky":false,"template":"","format":"standard","meta":{"footnotes":""},"categories":[1],"tags":[],"class_list":["post-44250","post","type-post","status-publish","format-standard","has-post-thumbnail","hentry","category-cronica"],"_links":{"self":[{"href":"https:\/\/www.radiopresidenteibanez.cl\/web\/wp-json\/wp\/v2\/posts\/44250","targetHints":{"allow":["GET"]}}],"collection":[{"href":"https:\/\/www.radiopresidenteibanez.cl\/web\/wp-json\/wp\/v2\/posts"}],"about":[{"href":"https:\/\/www.radiopresidenteibanez.cl\/web\/wp-json\/wp\/v2\/types\/post"}],"author":[{"embeddable":true,"href":"https:\/\/www.radiopresidenteibanez.cl\/web\/wp-json\/wp\/v2\/users\/2"}],"replies":[{"embeddable":true,"href":"https:\/\/www.radiopresidenteibanez.cl\/web\/wp-json\/wp\/v2\/comments?post=44250"}],"version-history":[{"count":0,"href":"https:\/\/www.radiopresidenteibanez.cl\/web\/wp-json\/wp\/v2\/posts\/44250\/revisions"}],"wp:featuredmedia":[{"embeddable":true,"href":"https:\/\/www.radiopresidenteibanez.cl\/web\/wp-json\/wp\/v2\/media\/44251"}],"wp:attachment":[{"href":"https:\/\/www.radiopresidenteibanez.cl\/web\/wp-json\/wp\/v2\/media?parent=44250"}],"wp:term":[{"taxonomy":"category","embeddable":true,"href":"https:\/\/www.radiopresidenteibanez.cl\/web\/wp-json\/wp\/v2\/categories?post=44250"},{"taxonomy":"post_tag","embeddable":true,"href":"https:\/\/www.radiopresidenteibanez.cl\/web\/wp-json\/wp\/v2\/tags?post=44250"}],"curies":[{"name":"wp","href":"https:\/\/api.w.org\/{rel}","templated":true}]}}