{"id":44240,"date":"2023-11-20T13:54:00","date_gmt":"2023-11-20T16:54:00","guid":{"rendered":"https:\/\/www.radiopresidenteibanez.cl\/web\/?p=44240"},"modified":"2023-11-20T09:57:54","modified_gmt":"2023-11-20T12:57:54","slug":"roger-waters-en-chile-cobertura-especial-del-programa-el-ultimo-tren-a-casa","status":"publish","type":"post","link":"https:\/\/www.radiopresidenteibanez.cl\/web\/roger-waters-en-chile-cobertura-especial-del-programa-el-ultimo-tren-a-casa\/","title":{"rendered":"ROGER WATERS EN CHILE, COBERTURA ESPECIAL DEL PROGRAMA EL ULTIMO TREN A CASA\u00a0\u00a0 \u00a0 \u00a0 \u00a0 \u00a0 \u00a0 \u00a0 \u00a0 \u00a0 \u00a0 \u00a0 \u00a0 \u00a0 \u00a0 \u00a0 \u00a0 \u00a0 \u00a0 \u00a0 \u00a0 \u00a0 \u00a0 \u00a0 \u00a0 \u00a0 \u00a0"},"content":{"rendered":"\n<p>El programa&nbsp;<em>\u201cEl \u00faltimo tren&nbsp;&nbsp;a casa\u201d<\/em>&nbsp;que produce el&nbsp;<em>Colectivo Aczi\u00f3n Kultural<\/em>&nbsp;&nbsp;y&nbsp;&nbsp;que conduce&nbsp;<em>Pedro Guichapany Miranda<\/em>&nbsp;contin\u00faa con la cobertura especial por la llegada a nuestro pa\u00eds del m\u00fasico brit\u00e1nico ROGER WATERS en el marco de su gira de despedida&nbsp;<em>\u201cThis is not a drill\u201d<\/em>&nbsp;(\u00ab<em>Esto no es un ejercicio<\/em>\u00ab) en la que actuar\u00e1 el s\u00e1bado 25 y domingo 26 de noviembre en el Estadio Monumental de Santiago.<\/p>\n\n\n\n<p>Esta gira marca la primera vez que&nbsp;<em>Roger Waters<\/em>&nbsp;act\u00faa en un escenario 360\u00ba.&nbsp;<\/p>\n\n\n\n<p><em>Waters<\/em>&nbsp;ha apostado por situar el escenario en el centro de los pabellones donde tienen lugar los conciertos, con un sistema de pantallas en forma de cruz, por lo que las proyecciones en los monitores son visibles igualmente por todos los aficionados, est\u00e9n donde est\u00e9n.<\/p>\n\n\n\n<p>La banda se coloca y distribuye en puntos distintos del escenario, y la pantalla se mueve para despu\u00e9s poder ofrecer una visi\u00f3n global hacia la audiencia.<\/p>\n\n\n\n<p>La banda<\/p>\n\n\n\n<p><em>Roger Waters<\/em>&nbsp;se encarga de la voz principal, las guitarras, el bajo y el piano, y estar\u00e1 acompa\u00f1ado en el escenario por&nbsp;<em>Jonathan Wilson<\/em>&nbsp;en las guitarras y la voz;&nbsp;<em>Dave Kilminster<\/em>&nbsp;en las guitarras y la voz;&nbsp;<em>Jon Carin<\/em>&nbsp;en los teclados, la guitarra y la voz;&nbsp;<em>Gus Seyffert<\/em>&nbsp;en el bajo y la voz;&nbsp;<em>Robert Walter<\/em>&nbsp;en los teclados;&nbsp;<em>Joey Waronker<\/em>&nbsp;en la bater\u00eda;&nbsp;<em>Shanay Johnson<\/em>&nbsp;en la voz;&nbsp;<em>Amanda Belair<\/em>&nbsp;en la voz, y&nbsp;<em>Seamus Blake<\/em>&nbsp;en el saxof\u00f3n.<\/p>\n\n\n\n<p>La gira<\/p>\n\n\n\n<p>La gira&nbsp;<em>\u00abThis is not a drill\u00bb<\/em>, originalmente estaba programada para realizarse entre julio y octubre de 2020 pero fue suspendida tras el avance de la pandemia de COVID-19 y reprogramada para realizarse en 2022 y 2023. El primer concierto se efectu\u00f3 el 6 de julio de 2022 en los EE.UU., sumando un total de&nbsp;&nbsp;33 ciudades en dicho pa\u00eds y Canad\u00e1, incluy\u00f3 41 espect\u00e1culos en Europa y otra cantidad de&nbsp;&nbsp;conciertos en Centro Am\u00e9rica y Am\u00e9rica del Sur a\u00fan no contabilizados.<\/p>\n\n\n\n<p>En Chile<\/p>\n\n\n\n<p>Roger Waters se ha presentado en Chile en 4 ocasiones siendo la de 2023 la quinta oportunidad en que sus fan\u00e1ticos lo puedan ver y adem\u00e1s, despedir de los escenarios:<\/p>\n\n\n\n<p>&#8211;&nbsp;&nbsp;&nbsp;&nbsp;&nbsp;&nbsp;05 de marzo de 2022, gira&nbsp;<em>\u201cIn the Flesh\u201d<\/em><\/p>\n\n\n\n<p>&#8211;&nbsp;&nbsp;&nbsp;&nbsp;&nbsp;&nbsp;14 de marzo de 2007, gira&nbsp;<em>\u201cThe Dark Side of the Moon\u201d<\/em><\/p>\n\n\n\n<p>&#8211;&nbsp;&nbsp;&nbsp;&nbsp;&nbsp;&nbsp;02 y 03 de marzo de 2012, gira&nbsp;<em>\u201cThe Wall Live\u201d<\/em><\/p>\n\n\n\n<p>&#8211;&nbsp;&nbsp;&nbsp;&nbsp;&nbsp;&nbsp;14 de noviembre de 2018, gira&nbsp;<em>\u201cUs and Them\u201d<\/em><\/p>\n\n\n\n<p>Y ahora el 25 y 26 de noviembre de 2023, gira&nbsp;<em>\u201cThis is not a Drill\u201d<\/em>&nbsp;(<em>\u201cEsto no es un ejercicio\u201d<\/em>)<\/p>\n\n\n\n<p>Programaci\u00f3n de&nbsp;<em>\u00abEl \u00faltimo tren a casa\u00bb<\/em>&nbsp;para la semana del 20 al 24 de noviembre:<\/p>\n\n\n\n<p>Lunes 20:&nbsp;<em>Las canciones de Roger Waters con Pink Floyd<\/em><\/p>\n\n\n\n<p>Martes 21:&nbsp;<em>\u201cAmused To Death\u201d tercer disco solista de Roger Waters<\/em><\/p>\n\n\n\n<p>Mi\u00e9rcoles 22:&nbsp;<em>\u201cThe Wall\u201d, \u00e1lbum doble de 1979 con Pink Floyd<\/em><\/p>\n\n\n\n<p>Jueves 23:&nbsp;<em>\u201cThe Dark Side of the Moon\u201d en vivo en el Estadio Wembley, 1974, Pink Floyd<\/em><\/p>\n\n\n\n<p>Viernes 24:&nbsp;<em>\u201cIn The Flesh\u201d primer tour mundial de Roger Waters<\/em><\/p>\n","protected":false},"excerpt":{"rendered":"<p>El programa&nbsp;\u201cEl \u00faltimo tren&nbsp;&nbsp;a casa\u201d&nbsp;que produce el&nbsp;Colectivo Aczi\u00f3n Kultural&nbsp;&nbsp;y&nbsp;&nbsp;que conduce&nbsp;Pedro Guichapany Miranda&nbsp;contin\u00faa con la cobertura especial por la llegada a nuestro pa\u00eds del m\u00fasico brit\u00e1nico ROGER WATERS en el marco&#8230; <a class=\"read-more\" href=\"https:\/\/www.radiopresidenteibanez.cl\/web\/roger-waters-en-chile-cobertura-especial-del-programa-el-ultimo-tren-a-casa\/\">Leer m\u00e1s<\/a><\/p>\n","protected":false},"author":2,"featured_media":44241,"comment_status":"closed","ping_status":"closed","sticky":false,"template":"","format":"standard","meta":{"footnotes":""},"categories":[1],"tags":[],"class_list":["post-44240","post","type-post","status-publish","format-standard","has-post-thumbnail","hentry","category-cronica"],"_links":{"self":[{"href":"https:\/\/www.radiopresidenteibanez.cl\/web\/wp-json\/wp\/v2\/posts\/44240","targetHints":{"allow":["GET"]}}],"collection":[{"href":"https:\/\/www.radiopresidenteibanez.cl\/web\/wp-json\/wp\/v2\/posts"}],"about":[{"href":"https:\/\/www.radiopresidenteibanez.cl\/web\/wp-json\/wp\/v2\/types\/post"}],"author":[{"embeddable":true,"href":"https:\/\/www.radiopresidenteibanez.cl\/web\/wp-json\/wp\/v2\/users\/2"}],"replies":[{"embeddable":true,"href":"https:\/\/www.radiopresidenteibanez.cl\/web\/wp-json\/wp\/v2\/comments?post=44240"}],"version-history":[{"count":0,"href":"https:\/\/www.radiopresidenteibanez.cl\/web\/wp-json\/wp\/v2\/posts\/44240\/revisions"}],"wp:featuredmedia":[{"embeddable":true,"href":"https:\/\/www.radiopresidenteibanez.cl\/web\/wp-json\/wp\/v2\/media\/44241"}],"wp:attachment":[{"href":"https:\/\/www.radiopresidenteibanez.cl\/web\/wp-json\/wp\/v2\/media?parent=44240"}],"wp:term":[{"taxonomy":"category","embeddable":true,"href":"https:\/\/www.radiopresidenteibanez.cl\/web\/wp-json\/wp\/v2\/categories?post=44240"},{"taxonomy":"post_tag","embeddable":true,"href":"https:\/\/www.radiopresidenteibanez.cl\/web\/wp-json\/wp\/v2\/tags?post=44240"}],"curies":[{"name":"wp","href":"https:\/\/api.w.org\/{rel}","templated":true}]}}