{"id":44237,"date":"2023-11-20T12:41:00","date_gmt":"2023-11-20T15:41:00","guid":{"rendered":"https:\/\/www.radiopresidenteibanez.cl\/web\/?p=44237"},"modified":"2023-11-20T09:45:25","modified_gmt":"2023-11-20T12:45:25","slug":"delegacion-presidencial-regional-recupera-programa-senda-previene-en-punta-arenas","status":"publish","type":"post","link":"https:\/\/www.radiopresidenteibanez.cl\/web\/delegacion-presidencial-regional-recupera-programa-senda-previene-en-punta-arenas\/","title":{"rendered":"DELEGACION PRESIDENCIAL REGIONAL RECUPERA PROGRAMA SENDA PREVIENE EN PUNTA ARENAS"},"content":{"rendered":"\n<p>Felipe \u00c1guila, 11 a\u00f1os, fue uno de los cuatro peque\u00f1os ganadores del concurso de dibujo de ideas para mejorar el entorno del barrio a trav\u00e9s del arte.&nbsp; \u201cYo dibuj\u00e9 las tortugas Ninja, porque ellas luchan por la justicia, son divertidas, hacen deportes y eso es lo que m\u00e1s necesitamos, y lo que yo hice est\u00e1 justo al centro del mural\u201d, dijo el peque\u00f1o tras recibir el premio de manos del delegado presidencial regional, Jos\u00e9 Ruiz Pivcevic.&nbsp;<\/p>\n\n\n\n<p>Los otros ganadores: Josefa Godoy Monsalves, Mat\u00edas Lanza Ojeda, y Daniela Herrera Herrera tambi\u00e9n recibieron premios y el aplauso de los vecinos que llegaron convocados por las batucadas, bailes de cueca y sopaipillas que se repartieron.&nbsp;<\/p>\n\n\n\n<p>El mural ubicado en el coraz\u00f3n de la poblaci\u00f3n Pedro Aguirre Cerda, al lado de la Junta de Vecinos Mar\u00eda Behety, estuvo a cargo del artista, Jorge Canicura Montiel, m\u00e1s conocido como \u201cCejec\u201d.<\/p>\n\n\n\n<p>\u201cEn este retorno del programa nuestro compromiso es apoyar los factores protectores que ayudan a promover un entorno saludable y prevenir el consumo de alcohol y drogas en la comunidad. Estos factores ayudan a crear condiciones favorables para el desarrollo de los individuos, reduciendo los efectos negativos y las situaciones de riesgo. Al fortalecer estos factores, estamos contribuyendo a la protecci\u00f3n de nuestra juventud y fomentando su bienestar\u201d, expres\u00f3 la autoridad, Jos\u00e9 Ruiz Pivcevic.<\/p>\n\n\n\n<p>A su vez, precis\u00f3 que \u201cel trabajo conjunto entre Senda Previene y la comunidad es esencial para lograr este objetivo. Al involucrar a instituciones p\u00fablicas, privadas, establecimientos educacionales, juntas de vecinos y sociedad civil, se generan espacios de colaboraci\u00f3n y prevenci\u00f3n que tienen un impacto positivo en la vida de nuestros j\u00f3venes\u201d.<\/p>\n\n\n\n<p>Durante la ceremonia hubo discursos de dirigentes. Tambi\u00e9n batucada, cueca y entre las autoridades destac\u00f3 la concejala Ver\u00f3nica Aguilar, quien valor\u00f3 el compromiso de la delegaci\u00f3n por recuperar un programa que la Municipalidad abandon\u00f3 hace m\u00e1s de cinco a\u00f1os.<\/p>\n\n\n\n<p>Por su parte, Pablo Villegas, coordinador del Senda Previene, cont\u00f3 que participaron alrededor de 30 dibujos y se seleccionaron cuatro.&nbsp; \u201cPara nosotros es importante recuperar los espacios, y este mural pueda incentivar a m\u00e1s personas a mejorar los entornos. Creemos en el trabajo mancomunado con los dirigentes y actores de la sociedad civil. Lo importante es recuperar los espacios y crear una cultura de prevenci\u00f3n en la comuna\u201d, asegur\u00f3.<\/p>\n","protected":false},"excerpt":{"rendered":"<p>Felipe \u00c1guila, 11 a\u00f1os, fue uno de los cuatro peque\u00f1os ganadores del concurso de dibujo de ideas para mejorar el entorno del barrio a trav\u00e9s del arte.&nbsp; \u201cYo dibuj\u00e9 las&#8230; <a class=\"read-more\" href=\"https:\/\/www.radiopresidenteibanez.cl\/web\/delegacion-presidencial-regional-recupera-programa-senda-previene-en-punta-arenas\/\">Leer m\u00e1s<\/a><\/p>\n","protected":false},"author":2,"featured_media":44238,"comment_status":"closed","ping_status":"closed","sticky":false,"template":"","format":"standard","meta":{"footnotes":""},"categories":[1],"tags":[],"class_list":["post-44237","post","type-post","status-publish","format-standard","has-post-thumbnail","hentry","category-cronica"],"_links":{"self":[{"href":"https:\/\/www.radiopresidenteibanez.cl\/web\/wp-json\/wp\/v2\/posts\/44237","targetHints":{"allow":["GET"]}}],"collection":[{"href":"https:\/\/www.radiopresidenteibanez.cl\/web\/wp-json\/wp\/v2\/posts"}],"about":[{"href":"https:\/\/www.radiopresidenteibanez.cl\/web\/wp-json\/wp\/v2\/types\/post"}],"author":[{"embeddable":true,"href":"https:\/\/www.radiopresidenteibanez.cl\/web\/wp-json\/wp\/v2\/users\/2"}],"replies":[{"embeddable":true,"href":"https:\/\/www.radiopresidenteibanez.cl\/web\/wp-json\/wp\/v2\/comments?post=44237"}],"version-history":[{"count":0,"href":"https:\/\/www.radiopresidenteibanez.cl\/web\/wp-json\/wp\/v2\/posts\/44237\/revisions"}],"wp:featuredmedia":[{"embeddable":true,"href":"https:\/\/www.radiopresidenteibanez.cl\/web\/wp-json\/wp\/v2\/media\/44238"}],"wp:attachment":[{"href":"https:\/\/www.radiopresidenteibanez.cl\/web\/wp-json\/wp\/v2\/media?parent=44237"}],"wp:term":[{"taxonomy":"category","embeddable":true,"href":"https:\/\/www.radiopresidenteibanez.cl\/web\/wp-json\/wp\/v2\/categories?post=44237"},{"taxonomy":"post_tag","embeddable":true,"href":"https:\/\/www.radiopresidenteibanez.cl\/web\/wp-json\/wp\/v2\/tags?post=44237"}],"curies":[{"name":"wp","href":"https:\/\/api.w.org\/{rel}","templated":true}]}}