{"id":4421,"date":"2019-05-20T13:21:46","date_gmt":"2019-05-20T13:21:46","guid":{"rendered":"http:\/\/www.radiopresidenteibanez.cl\/web\/?p=4421"},"modified":"2019-05-20T13:22:05","modified_gmt":"2019-05-20T13:22:05","slug":"voraz-incendio-dejo-a-una-persona-fallecida-en-puerto-natales","status":"publish","type":"post","link":"https:\/\/www.radiopresidenteibanez.cl\/web\/voraz-incendio-dejo-a-una-persona-fallecida-en-puerto-natales\/","title":{"rendered":"VORAZ INCENDIO DEJ\u00d3 A UNA PERSONA FALLECIDA EN PUERTO NATALES"},"content":{"rendered":"\n<p>Hasta el sector de Natales antiguo, debieron concurrir\nvoluntarios de dos compa\u00f1\u00edas de Bomberos de la capital de \u00daltima Esperanza, en\nla ocasi\u00f3n debieron combatir las llamas que afectaban a una vivienda de\nmaterial ligero y contra el viento que en ese horario azotaba a la regi\u00f3n.<\/p>\n\n\n\n<p>Luego de los trabajos realizados por voluntarios bomberiles,\nse pudieron percatar que se encontraba una persona calcinada, por lo anterior se\nsolicit\u00f3 al personal de Labocar de Punta Arenas, para que se trasladen hasta la\nciudad natalina para realizar las investigaciones correspondientes.<\/p>\n\n\n\n<p>Hasta el momento es imposible poder saber el sexo e identificaci\u00f3n de la persona fallecida.<\/p>\n\n\n\n<figure class=\"wp-block-image\"><img loading=\"lazy\" decoding=\"async\" width=\"945\" height=\"527\" src=\"http:\/\/www.radiopresidenteibanez.cl\/web\/wp-content\/uploads\/2019\/03\/sml.jpg\" alt=\"\" class=\"wp-image-2606\" srcset=\"https:\/\/www.radiopresidenteibanez.cl\/web\/wp-content\/uploads\/2019\/03\/sml.jpg 945w, https:\/\/www.radiopresidenteibanez.cl\/web\/wp-content\/uploads\/2019\/03\/sml-300x167.jpg 300w, https:\/\/www.radiopresidenteibanez.cl\/web\/wp-content\/uploads\/2019\/03\/sml-768x428.jpg 768w\" sizes=\"auto, (max-width: 945px) 100vw, 945px\" \/><\/figure>\n","protected":false},"excerpt":{"rendered":"<p>Hasta el sector de Natales antiguo, debieron concurrir voluntarios de dos compa\u00f1\u00edas de Bomberos de la capital de \u00daltima Esperanza, en la ocasi\u00f3n debieron combatir las llamas que afectaban a&#8230; <a class=\"read-more\" href=\"https:\/\/www.radiopresidenteibanez.cl\/web\/voraz-incendio-dejo-a-una-persona-fallecida-en-puerto-natales\/\">Leer m\u00e1s<\/a><\/p>\n","protected":false},"author":2,"featured_media":2606,"comment_status":"closed","ping_status":"closed","sticky":false,"template":"","format":"standard","meta":{"footnotes":""},"categories":[1],"tags":[],"class_list":["post-4421","post","type-post","status-publish","format-standard","has-post-thumbnail","hentry","category-cronica"],"_links":{"self":[{"href":"https:\/\/www.radiopresidenteibanez.cl\/web\/wp-json\/wp\/v2\/posts\/4421","targetHints":{"allow":["GET"]}}],"collection":[{"href":"https:\/\/www.radiopresidenteibanez.cl\/web\/wp-json\/wp\/v2\/posts"}],"about":[{"href":"https:\/\/www.radiopresidenteibanez.cl\/web\/wp-json\/wp\/v2\/types\/post"}],"author":[{"embeddable":true,"href":"https:\/\/www.radiopresidenteibanez.cl\/web\/wp-json\/wp\/v2\/users\/2"}],"replies":[{"embeddable":true,"href":"https:\/\/www.radiopresidenteibanez.cl\/web\/wp-json\/wp\/v2\/comments?post=4421"}],"version-history":[{"count":0,"href":"https:\/\/www.radiopresidenteibanez.cl\/web\/wp-json\/wp\/v2\/posts\/4421\/revisions"}],"wp:featuredmedia":[{"embeddable":true,"href":"https:\/\/www.radiopresidenteibanez.cl\/web\/wp-json\/wp\/v2\/media\/2606"}],"wp:attachment":[{"href":"https:\/\/www.radiopresidenteibanez.cl\/web\/wp-json\/wp\/v2\/media?parent=4421"}],"wp:term":[{"taxonomy":"category","embeddable":true,"href":"https:\/\/www.radiopresidenteibanez.cl\/web\/wp-json\/wp\/v2\/categories?post=4421"},{"taxonomy":"post_tag","embeddable":true,"href":"https:\/\/www.radiopresidenteibanez.cl\/web\/wp-json\/wp\/v2\/tags?post=4421"}],"curies":[{"name":"wp","href":"https:\/\/api.w.org\/{rel}","templated":true}]}}