{"id":442,"date":"2019-01-14T17:56:33","date_gmt":"2019-01-14T17:56:33","guid":{"rendered":"http:\/\/www.radiopresidenteibanez.cl\/web\/?p=442"},"modified":"2019-01-14T17:56:55","modified_gmt":"2019-01-14T17:56:55","slug":"71-adultos-mayores-recibieron-atencion-geriatrica-en-el-operativo-medico-del-programa-adulto-mejor-en-ultima-esperanza","status":"publish","type":"post","link":"https:\/\/www.radiopresidenteibanez.cl\/web\/71-adultos-mayores-recibieron-atencion-geriatrica-en-el-operativo-medico-del-programa-adulto-mejor-en-ultima-esperanza\/","title":{"rendered":"71 ADULTOS MAYORES RECIBIERON ATENCI\u00d3N GERI\u00c1TRICA EN EL OPERATIVO M\u00c9DICO DEL PROGRAMA ADULTO MEJOR EN ULTIMA ESPERANZA"},"content":{"rendered":"\n<p>Este fin de semana se movilizaron varias instituciones para trabajar por un\nsolo fin: la atenci\u00f3n geri\u00e1trica de la mayor cantidad de adultos mayores en la\nprovincia de \u00daltima Esperanza, para que fueran revisados por el equipo de 4\nprofesionales que arribaron hasta la capital provincial. Fueron 71 mayores los\nbeneficiados con este operativo que forma parte del Programa Adulto Mejor,\nliderado por la Primera Dama, Cecilia Morel. En el operativo visitaron el\nCondominio de Viviendas Tuteladas, Hogar de Ancianos Nuevo Amanecer, visitas\ndomiciliarias a pacientes de dependencia severa (postrados), y para finalizar\nse concretaron citas m\u00e9dicas en el Cesfam Dr. Juan Lozic.<\/p>\n\n\n\n<p>Hasta Puerto Natales tambi\u00e9n lleg\u00f3, para acompa\u00f1ar el operativo, el\nDirector Nacional del Servicio Nacional del Adulto Mayor, SENAMA, Octavio\nVergara, quien manifest\u00f3 su satisfacci\u00f3n por el trabajo en conjunto realizado:\n\u201cnosotros estamos despleg\u00e1ndonos en la regi\u00f3n, trabajando en conjunto con la\nIntendencia y Gobernaci\u00f3n, trayendo a m\u00e9dicos especialistas en geriatr\u00eda que\nvienen a atender y a acompa\u00f1ar a las personas mayores de Puerto Natales, a ver\nc\u00f3mo est\u00e1n, no s\u00f3lo vienen a un diagn\u00f3stico m\u00e9dico, sino que vienen a compartir\ncon ellos. Aqu\u00ed se habla del tremendo esfuerzo y lo que significa trabajar en\nconjunto, aqu\u00ed como dice el Presidente, Chile lo hacemos todos, ac\u00e1 esta\nincluida la academia, est\u00e1n incluidas las Fuerzas Armadas, el Municipio, la\nGobernaci\u00f3n e Intendencia y eso hace que los resultados se produzcan y que la\ngente se vea beneficiada con la ayuda que el Gobierno despliega\u201d.<\/p>\n\n\n\n<p>Por otra parte, quien estuvo pendiente de toda la realizaci\u00f3n del\noperativo, fue la Gobernadora Ana Mayorga, quien se\u00f1al\u00f3 que \u201c esto da muestra\nde la descentralizaci\u00f3n y del mandato del Presidente Sebasti\u00e1n Pi\u00f1era que\nindica que todas las autoridades deben estar en todo el territorio,\ndesplegados, que en este caso la Primera Dama, con el programa Adulto Mejor, se\ncentr\u00f3 en la atenci\u00f3n de estos geriatras que vinieron desde Santiago a la\nProvincia. Estos d\u00edas hemos estado trabajando en distintos puntos de Puerto\nNatales y hoy s\u00f3lo me queda destacar el apoyo y la uni\u00f3n de voluntades; hoy\nestamos uniendo todas nuestras fuerzas para que nuestros adultos mayores tengan\nmejor salud, vamos a seguir ampliando todos nuestros esfuerzos. La Primera Dama\nCecilia Morel, ha dicho que en esto tiene una mirada especial, el coraz\u00f3n del\nGobierno est\u00e1 puesto en los adultos mayores.\u201d<\/p>\n\n\n\n<p>Durante el d\u00eda domingo, las atenciones se concentraron en el Cesfam de\nPuerto Natales, donde el Secretario de la Cormunat, Alejandro Velasquez, indic\u00f3\nque \u201choy nos encontramos en la puerta de entrada de la salud publica de Puerto\nNatales, en el Cesfam, donde la atenci\u00f3n primaria tiene como base el cuidado,\nprevenci\u00f3n y preocupaci\u00f3n por el adulto mayor. Sin lugar a dudas, este\noperativo geri\u00e1trico viene a reforzar la atenci\u00f3n que reciben hoy nuestros\nadultos mayores. Nuestra pol\u00edtica municipal, impulsada por el Alcalde Fernando\nParedes y su Concejo Municipal es trabajar por nuestros adultos mayores como\nuno de nuestros principales objetivos&nbsp; y\npara eso estamos trabajando\u201d.<\/p>\n\n\n\n<p>Finalmente, quien estuvo pendiente de la realizaci\u00f3n de este operativo fue\nla Presidenta de la Uni\u00f3n Comunal de Adultos Mayores, Gaby de Freittas, quien\nagradeci\u00f3 la gesti\u00f3n realizada: \u201cagradecer a los geriatras que vinieron a ver a\nlos adultos mayores y ojala que esto siga porque seria bueno que haya una\ncontinuidad con los problemas que tenemos todos y as\u00ed nos ense\u00f1en a vivir con\nnuestras dolencias y nuestras enfermedades, y ellos nos ense\u00f1an a poder\nsoportar y a vivir mejor\u201d.<\/p>\n","protected":false},"excerpt":{"rendered":"<p>Este fin de semana se movilizaron varias instituciones para trabajar por un solo fin: la atenci\u00f3n geri\u00e1trica de la mayor cantidad de adultos mayores en la provincia de \u00daltima Esperanza,&#8230; <a class=\"read-more\" href=\"https:\/\/www.radiopresidenteibanez.cl\/web\/71-adultos-mayores-recibieron-atencion-geriatrica-en-el-operativo-medico-del-programa-adulto-mejor-en-ultima-esperanza\/\">Leer m\u00e1s<\/a><\/p>\n","protected":false},"author":2,"featured_media":443,"comment_status":"closed","ping_status":"closed","sticky":false,"template":"","format":"standard","meta":{"footnotes":""},"categories":[1],"tags":[],"class_list":["post-442","post","type-post","status-publish","format-standard","has-post-thumbnail","hentry","category-cronica"],"_links":{"self":[{"href":"https:\/\/www.radiopresidenteibanez.cl\/web\/wp-json\/wp\/v2\/posts\/442","targetHints":{"allow":["GET"]}}],"collection":[{"href":"https:\/\/www.radiopresidenteibanez.cl\/web\/wp-json\/wp\/v2\/posts"}],"about":[{"href":"https:\/\/www.radiopresidenteibanez.cl\/web\/wp-json\/wp\/v2\/types\/post"}],"author":[{"embeddable":true,"href":"https:\/\/www.radiopresidenteibanez.cl\/web\/wp-json\/wp\/v2\/users\/2"}],"replies":[{"embeddable":true,"href":"https:\/\/www.radiopresidenteibanez.cl\/web\/wp-json\/wp\/v2\/comments?post=442"}],"version-history":[{"count":0,"href":"https:\/\/www.radiopresidenteibanez.cl\/web\/wp-json\/wp\/v2\/posts\/442\/revisions"}],"wp:featuredmedia":[{"embeddable":true,"href":"https:\/\/www.radiopresidenteibanez.cl\/web\/wp-json\/wp\/v2\/media\/443"}],"wp:attachment":[{"href":"https:\/\/www.radiopresidenteibanez.cl\/web\/wp-json\/wp\/v2\/media?parent=442"}],"wp:term":[{"taxonomy":"category","embeddable":true,"href":"https:\/\/www.radiopresidenteibanez.cl\/web\/wp-json\/wp\/v2\/categories?post=442"},{"taxonomy":"post_tag","embeddable":true,"href":"https:\/\/www.radiopresidenteibanez.cl\/web\/wp-json\/wp\/v2\/tags?post=442"}],"curies":[{"name":"wp","href":"https:\/\/api.w.org\/{rel}","templated":true}]}}