{"id":44181,"date":"2023-11-17T09:16:00","date_gmt":"2023-11-17T12:16:00","guid":{"rendered":"https:\/\/www.radiopresidenteibanez.cl\/web\/?p=44181"},"modified":"2023-11-17T08:25:55","modified_gmt":"2023-11-17T11:25:55","slug":"consejero-cardenas-de-tierra-del-fuego-valoro-entrega-de-fondos-del-gore-a-iniciativas-sociales-en-porvenir","status":"publish","type":"post","link":"https:\/\/www.radiopresidenteibanez.cl\/web\/consejero-cardenas-de-tierra-del-fuego-valoro-entrega-de-fondos-del-gore-a-iniciativas-sociales-en-porvenir\/","title":{"rendered":"CONSEJERO CARDENAS DE TIERRA DEL FUEGO VALORO ENTREGA DE FONDOS DEL GORE A INICIATIVAS SOCIALES EN PORVENIR"},"content":{"rendered":"\n<p>Luego de un largo proceso de postulaci\u00f3n y evaluaci\u00f3n de las iniciativas del Fondo 8% FNDR, se realiz\u00f3 la entrega oficial por parte del Gobierno Regional a las organizaciones sociales en Porvenir, actividad encabezada por el gobernador Jorge Flies, junto a los consejeros regionales de Tierra del Fuego, el delegado regional presidencial y autoridades locales.<\/p>\n\n\n\n<p>Este a\u00f1o se logr\u00f3 apoyar m\u00e1s de 25 proyectos a trav\u00e9s del fondo concursable, y otro numero importante de iniciativas de asignaci\u00f3n directa.<\/p>\n\n\n\n<p>Entre las iniciativas que este a\u00f1o lograron el apoyo financiero del GORE, se encuentran las primeras olimpiadas deportivas preescolares, actividades de formaci\u00f3n deportiva para ni\u00f1os, ni\u00f1as y j\u00f3venes de organizaciones deportivas de Porvenir; en el \u00e1mbito social, se apoy\u00f3 el desarrollo de un operativo oftalmol\u00f3gico, atenci\u00f3n de fonoaudi\u00f3logo y turismo social para personas mayores. En el \u00e1mbito cultural, est\u00e1 el financiamiento de actividades interculturales y muestra teatral y folcl\u00f3rica que rescatan nuestro patrimonio y tradiciones de nuestra isla de Tierra del Fuego<\/p>\n\n\n\n<p>Al respecto, se refiri\u00f3 el consejero regional Rodolfo C\u00e1rdenas, quien indic\u00f3: \u201cEste fondo es un elemento clave para generar oportunidades de apoyo, reducir brechas de acceso a prestaciones sociales, deportivas y de salud, y esperamos que el presupuesto del a\u00f1o 2024 nos permita seguir apoyando a la sociedad civil e instituciones p\u00fablicas de la regi\u00f3n de Magallanes\u201d.<\/p>\n\n\n\n<p>Adem\u00e1s de manifestarse satisfecho y alegre por la entrega de recursos, explic\u00f3 adem\u00e1s que el Fondo 8% permite fomentar la creatividad y el intercambio cultural y comunitario de las familias con organizaciones sociales, como juntas de vecinos o clubes deportivos, y que implican m\u00e1s de 190 millones de pesos para las organizaciones de Porvenir, aportando a la calidad de vida desde la infancia hasta las personas mayores, y de esta forma contribuir en la generaci\u00f3n en una provincia que cuida, y protege a sus habitantes.&nbsp;&nbsp;<\/p>\n","protected":false},"excerpt":{"rendered":"<p>Luego de un largo proceso de postulaci\u00f3n y evaluaci\u00f3n de las iniciativas del Fondo 8% FNDR, se realiz\u00f3 la entrega oficial por parte del Gobierno Regional a las organizaciones sociales&#8230; <a class=\"read-more\" href=\"https:\/\/www.radiopresidenteibanez.cl\/web\/consejero-cardenas-de-tierra-del-fuego-valoro-entrega-de-fondos-del-gore-a-iniciativas-sociales-en-porvenir\/\">Leer m\u00e1s<\/a><\/p>\n","protected":false},"author":2,"featured_media":44182,"comment_status":"closed","ping_status":"closed","sticky":false,"template":"","format":"standard","meta":{"footnotes":""},"categories":[1],"tags":[],"class_list":["post-44181","post","type-post","status-publish","format-standard","has-post-thumbnail","hentry","category-cronica"],"_links":{"self":[{"href":"https:\/\/www.radiopresidenteibanez.cl\/web\/wp-json\/wp\/v2\/posts\/44181","targetHints":{"allow":["GET"]}}],"collection":[{"href":"https:\/\/www.radiopresidenteibanez.cl\/web\/wp-json\/wp\/v2\/posts"}],"about":[{"href":"https:\/\/www.radiopresidenteibanez.cl\/web\/wp-json\/wp\/v2\/types\/post"}],"author":[{"embeddable":true,"href":"https:\/\/www.radiopresidenteibanez.cl\/web\/wp-json\/wp\/v2\/users\/2"}],"replies":[{"embeddable":true,"href":"https:\/\/www.radiopresidenteibanez.cl\/web\/wp-json\/wp\/v2\/comments?post=44181"}],"version-history":[{"count":0,"href":"https:\/\/www.radiopresidenteibanez.cl\/web\/wp-json\/wp\/v2\/posts\/44181\/revisions"}],"wp:featuredmedia":[{"embeddable":true,"href":"https:\/\/www.radiopresidenteibanez.cl\/web\/wp-json\/wp\/v2\/media\/44182"}],"wp:attachment":[{"href":"https:\/\/www.radiopresidenteibanez.cl\/web\/wp-json\/wp\/v2\/media?parent=44181"}],"wp:term":[{"taxonomy":"category","embeddable":true,"href":"https:\/\/www.radiopresidenteibanez.cl\/web\/wp-json\/wp\/v2\/categories?post=44181"},{"taxonomy":"post_tag","embeddable":true,"href":"https:\/\/www.radiopresidenteibanez.cl\/web\/wp-json\/wp\/v2\/tags?post=44181"}],"curies":[{"name":"wp","href":"https:\/\/api.w.org\/{rel}","templated":true}]}}