{"id":4418,"date":"2019-05-20T13:09:24","date_gmt":"2019-05-20T13:09:24","guid":{"rendered":"http:\/\/www.radiopresidenteibanez.cl\/web\/?p=4418"},"modified":"2019-05-20T13:09:37","modified_gmt":"2019-05-20T13:09:37","slug":"alejandro-avendano-gallardo-senores-parlamentarios-que-votaron-a-favor-de-legislar-el-proyecto-previsional-diez-mil-pesos-de-reajuste-seguiran-siendo-pensiones-miserables","status":"publish","type":"post","link":"https:\/\/www.radiopresidenteibanez.cl\/web\/alejandro-avendano-gallardo-senores-parlamentarios-que-votaron-a-favor-de-legislar-el-proyecto-previsional-diez-mil-pesos-de-reajuste-seguiran-siendo-pensiones-miserables\/","title":{"rendered":"ALEJANDRO AVENDA\u00d1O GALLARDO: \u201cSE\u00d1ORES PARLAMENTARIOS QUE VOTARON A FAVOR DE LEGISLAR EL PROYECTO PREVISIONAL, DIEZ MIL PESOS DE REAJUSTE SEGUIR\u00c1N SIENDO PENSIONES MISERABLES\u201d"},"content":{"rendered":"\n<p><em>Lo\nque sucedi\u00f3 este jueves en la C\u00e1mara de Diputados\nque aprob\u00f3 la idea de legislar del proyecto de&nbsp;<\/em><a href=\"https:\/\/www.ahoranoticias.cl\/buscador\/?tag=Reforma%20a%20las%20pensiones\" target=\"_blank\" rel=\"noreferrer noopener\"><em>Reforma a las Pensiones<\/em><\/a><em>&nbsp;del Gobierno por&nbsp;84\nvotos a favor, 64 en contra y dos abstenciones y que dicha iniciativa hab\u00eda\nsido rechazada el pasado lunes en la misma comisi\u00f3n de Trabajo con 6 votos a\nfavor y 7 en contra,&nbsp;es un duro golpe para los actuales jubilados y que no\nhace otra cosa&nbsp; que a diferencia de lo\nque todos los ciudadanos queremos NO+AFP quienes aprobaron esta idea de un muy\nmal proyecto decir SI+AFP, se\u00f1alo Avenda\u00f1o.<\/em><\/p>\n\n\n\n<p><em>Quienes\nvotaron a favor de legislar supongo deben saber que lo real bajo esta reforma no\nse hace cargo de los jubilados que hoy tienen una jubilaci\u00f3n miserable, basta\nrevisar cifras el promedio de las jubilaciones en nuestro pa\u00eds es de 197 mil\n726 pesos, que la realidad indica que el 90,7% de los jubilados reciben\npensiones menores a 146.000 pesos y dentro de ellos hay 400.000 jubilados que\nreciben apenas 86 mil pesos mensuales y no son considerados pobres, \u00bfeste\nreajuste de 10 mil pesos se lo soluciona?.<\/em><\/p>\n\n\n\n<p><em>Hoy\nnos quieren entretener con el famoso aumento del 4% en la cotizaci\u00f3n y como un\ngran triunfo porque no ira a la AFP, porque no se le quita el 10% que hoy\ncotizamos y que administra las AFP y que es plata integra de los trabajadores y\ntrabajadoras y hoy manejan nuestros ahorros entreg\u00e1ndolo a los grandes\nempresariados, este es un negocio que nunca pierde, para las AFP las ganancias\ndiarias son sobre 900 millones de pesos diarios y las pensiones siguen, son y\nseguir\u00e1n con este proyecto siendo miserables.<\/em><\/p>\n\n\n\n<p><em>Esperamos quienes votaron a favor de seguir avanzando con este proyecto revisen las cifras actuales de las m\u00edseras pensiones y se pongan del lado de los trabajadores y trabajadoras, 10 mil pesos de reajuste es una burla para quienes hoy est\u00e1n jubilados, se necesita un proyecto que se haga cargo ahora con una jubilaci\u00f3n digna y no tener que esperar 40 a\u00f1os para ver un resultado, se necesita jubilaci\u00f3n decente ahora, termino se\u00f1alando Avenda\u00f1o.<\/em><\/p>\n\n\n\n<figure class=\"wp-block-image\"><img loading=\"lazy\" decoding=\"async\" width=\"800\" height=\"720\" src=\"https:\/\/www.radiopresidenteibanez.cl\/web\/wp-content\/uploads\/2019\/05\/Foto-2.jpg\" alt=\"\" class=\"wp-image-4419\" srcset=\"https:\/\/www.radiopresidenteibanez.cl\/web\/wp-content\/uploads\/2019\/05\/Foto-2.jpg 800w, https:\/\/www.radiopresidenteibanez.cl\/web\/wp-content\/uploads\/2019\/05\/Foto-2-300x270.jpg 300w, https:\/\/www.radiopresidenteibanez.cl\/web\/wp-content\/uploads\/2019\/05\/Foto-2-768x691.jpg 768w\" sizes=\"auto, (max-width: 800px) 100vw, 800px\" \/><\/figure>\n","protected":false},"excerpt":{"rendered":"<p>Lo que sucedi\u00f3 este jueves en la C\u00e1mara de Diputados que aprob\u00f3 la idea de legislar del proyecto de&nbsp;Reforma a las Pensiones&nbsp;del Gobierno por&nbsp;84 votos a favor, 64 en contra&#8230; <a class=\"read-more\" href=\"https:\/\/www.radiopresidenteibanez.cl\/web\/alejandro-avendano-gallardo-senores-parlamentarios-que-votaron-a-favor-de-legislar-el-proyecto-previsional-diez-mil-pesos-de-reajuste-seguiran-siendo-pensiones-miserables\/\">Leer m\u00e1s<\/a><\/p>\n","protected":false},"author":2,"featured_media":4419,"comment_status":"closed","ping_status":"closed","sticky":false,"template":"","format":"standard","meta":{"footnotes":""},"categories":[1],"tags":[],"class_list":["post-4418","post","type-post","status-publish","format-standard","has-post-thumbnail","hentry","category-cronica"],"_links":{"self":[{"href":"https:\/\/www.radiopresidenteibanez.cl\/web\/wp-json\/wp\/v2\/posts\/4418","targetHints":{"allow":["GET"]}}],"collection":[{"href":"https:\/\/www.radiopresidenteibanez.cl\/web\/wp-json\/wp\/v2\/posts"}],"about":[{"href":"https:\/\/www.radiopresidenteibanez.cl\/web\/wp-json\/wp\/v2\/types\/post"}],"author":[{"embeddable":true,"href":"https:\/\/www.radiopresidenteibanez.cl\/web\/wp-json\/wp\/v2\/users\/2"}],"replies":[{"embeddable":true,"href":"https:\/\/www.radiopresidenteibanez.cl\/web\/wp-json\/wp\/v2\/comments?post=4418"}],"version-history":[{"count":0,"href":"https:\/\/www.radiopresidenteibanez.cl\/web\/wp-json\/wp\/v2\/posts\/4418\/revisions"}],"wp:featuredmedia":[{"embeddable":true,"href":"https:\/\/www.radiopresidenteibanez.cl\/web\/wp-json\/wp\/v2\/media\/4419"}],"wp:attachment":[{"href":"https:\/\/www.radiopresidenteibanez.cl\/web\/wp-json\/wp\/v2\/media?parent=4418"}],"wp:term":[{"taxonomy":"category","embeddable":true,"href":"https:\/\/www.radiopresidenteibanez.cl\/web\/wp-json\/wp\/v2\/categories?post=4418"},{"taxonomy":"post_tag","embeddable":true,"href":"https:\/\/www.radiopresidenteibanez.cl\/web\/wp-json\/wp\/v2\/tags?post=4418"}],"curies":[{"name":"wp","href":"https:\/\/api.w.org\/{rel}","templated":true}]}}