{"id":44175,"date":"2023-11-16T19:16:00","date_gmt":"2023-11-16T22:16:00","guid":{"rendered":"https:\/\/www.radiopresidenteibanez.cl\/web\/?p=44175"},"modified":"2023-11-16T15:19:08","modified_gmt":"2023-11-16T18:19:08","slug":"meta-regional-del-plan-de-emergencia-habitacional-tiene-un-76-de-avance","status":"publish","type":"post","link":"https:\/\/www.radiopresidenteibanez.cl\/web\/meta-regional-del-plan-de-emergencia-habitacional-tiene-un-76-de-avance\/","title":{"rendered":"META REGIONAL DEL PLAN DE EMERGENCIA HABITACIONAL TIENE UN 76% DE AVANCE"},"content":{"rendered":"\n<p>&nbsp;\u201cEstamos muy cerca de ser la primera regi\u00f3n del pa\u00eds en cumplir su meta del Plan de Emergencia Habitacional\u201d. Esta buena noticia fue entregada por el Seremi de Vivienda y Urbanismo,&nbsp;<strong>Marco Uribe Saldivia<\/strong>, junto con el Director (s) del Serviu,&nbsp;<strong>Omar Gonz\u00e1lez Asenjo<\/strong>, durante la visita a las obras de construcci\u00f3n de los conjuntos Tierra Austral, en la comuna de Punta Arenas.<\/p>\n\n\n\n<p>El Plan de Emergencia Habitacional es una estrategia desarrollada por el Minvu, a petici\u00f3n del Presidente&nbsp;<strong>Gabriel Boric<\/strong>&nbsp;<strong>Font<\/strong>, para abordar con urgencia el d\u00e9ficit que existe en el pa\u00eds. La meta regional apuntaba a entregar 1.962 soluciones durante el periodo de Gobierno y, a la fecha, ya se han entregado 1.378 viviendas y otras 2.662 est\u00e1n en construcci\u00f3n.<\/p>\n\n\n\n<p>\u201cLa regi\u00f3n presentaba un gran d\u00e9ficit habitacional cuando asumimos como Gobierno, por eso nos autoimpusimos llegar a las 3.500 viviendas entregadas durante el periodo. Hoy podemos decir que ya tenemos en construcci\u00f3n el 76% de la nueva meta y que iniciaremos prontamente proyectos en las cuatro provincias, descentralizando el acceso a viviendas de calidad\u201d, afirm\u00f3 el Seremi Marco Uribe.<\/p>\n\n\n\n<p>Junto con resaltar las cifras regionales, las autoridades del Minvu destacaron el avance en la calidad y est\u00e1ndar de las viviendas construidas con apoyo del Estado, en el marco de la implementaci\u00f3n del Plan de Emergencia Habitacional.<\/p>\n\n\n\n<p>\u201cVisitamos la construcci\u00f3n de cuatro proyectos que suman 476 soluciones habitacionales. Viviendas que han subido el est\u00e1ndar de calidad, con un sistema de calefacci\u00f3n central, vidrios termopanel, envolvente t\u00e9rmica para regular la temperatura y cer\u00e1micos en ba\u00f1o y cocina. Esto se debe valorar, porque todav\u00eda hay personas que creen que la vivienda social se entrega con caracter\u00edsticas b\u00e1sicas y la verdad es que se ha ido perfeccionando y mejorando acorde a la realidad regional\u201d, expres\u00f3 el Director (s) del Serviu, Omar Gonz\u00e1lez.<\/p>\n\n\n\n<p><strong>Proyectos Tierra Austral<\/strong><strong><\/strong><\/p>\n\n\n\n<p>Los proyectos Tierra Austral corresponden a cinco conjuntos habitacionales de departamentos, desarrollados por la entidad patrocinante Salfa Austral con subsidios del Minvu. En total suman 596 viviendas.<\/p>\n\n\n\n<p>\u201cEstamos consolidando cinco barrios bien equipados, pero tambi\u00e9n estamos construyendo cambios para toda la comunidad del sector (sur-poniente de la comuna) con la Avenida Circunvalaci\u00f3n que pasar\u00e1 a unos metros y el gran parque de 2,5 hect\u00e1reas que haremos aqu\u00ed mismo, con nuestro Plan Urbano Habitacional\u201d, destac\u00f3 el Seremi Minvu, Marco Uribe.<\/p>\n\n\n\n<p>En la primera etapa, Tierra Austral 1, se construyeron 120 viviendas que fueron entregadas a las familias de la agrupaci\u00f3n del mismo nombre en junio de 2023. Los proyectos Tierra Austral 2 y 3 tienen 128 departamentos cada uno, distribuidos en ocho edificios de cuatro pisos.<\/p>\n\n\n\n<p>\u201cLos subsidios de Tierra Austral 4 y 5 fueron entregados en enero de este a\u00f1o y a la fecha, ya tenemos un avance considerable en cada uno. Son 140 y 80 viviendas, respectivamente. Cada una tiene estar-comedor, cocina, logia, ba\u00f1o y 3 dormitorios. Todas con ventanas termopanel, calefacci\u00f3n central y cer\u00e1micos en ba\u00f1o y cocina\u201d, inform\u00f3 el Director (s) Serviu, Omar Gonz\u00e1lez.<\/p>\n\n\n\n<p>Cada condominio tiene una sala de uso m\u00faltiple de 80 m2, \u00e1reas verdes y zonas de juegos infantiles. Todos los edificios cuentan con hall de acceso con cer\u00e1micos de piso y pintura granulada en paredes y cielo, m\u00e1s una sala de basura.<\/p>\n","protected":false},"excerpt":{"rendered":"<p>&nbsp;\u201cEstamos muy cerca de ser la primera regi\u00f3n del pa\u00eds en cumplir su meta del Plan de Emergencia Habitacional\u201d. Esta buena noticia fue entregada por el Seremi de Vivienda y&#8230; <a class=\"read-more\" href=\"https:\/\/www.radiopresidenteibanez.cl\/web\/meta-regional-del-plan-de-emergencia-habitacional-tiene-un-76-de-avance\/\">Leer m\u00e1s<\/a><\/p>\n","protected":false},"author":2,"featured_media":44176,"comment_status":"closed","ping_status":"closed","sticky":false,"template":"","format":"standard","meta":{"footnotes":""},"categories":[1],"tags":[],"class_list":["post-44175","post","type-post","status-publish","format-standard","has-post-thumbnail","hentry","category-cronica"],"_links":{"self":[{"href":"https:\/\/www.radiopresidenteibanez.cl\/web\/wp-json\/wp\/v2\/posts\/44175","targetHints":{"allow":["GET"]}}],"collection":[{"href":"https:\/\/www.radiopresidenteibanez.cl\/web\/wp-json\/wp\/v2\/posts"}],"about":[{"href":"https:\/\/www.radiopresidenteibanez.cl\/web\/wp-json\/wp\/v2\/types\/post"}],"author":[{"embeddable":true,"href":"https:\/\/www.radiopresidenteibanez.cl\/web\/wp-json\/wp\/v2\/users\/2"}],"replies":[{"embeddable":true,"href":"https:\/\/www.radiopresidenteibanez.cl\/web\/wp-json\/wp\/v2\/comments?post=44175"}],"version-history":[{"count":0,"href":"https:\/\/www.radiopresidenteibanez.cl\/web\/wp-json\/wp\/v2\/posts\/44175\/revisions"}],"wp:featuredmedia":[{"embeddable":true,"href":"https:\/\/www.radiopresidenteibanez.cl\/web\/wp-json\/wp\/v2\/media\/44176"}],"wp:attachment":[{"href":"https:\/\/www.radiopresidenteibanez.cl\/web\/wp-json\/wp\/v2\/media?parent=44175"}],"wp:term":[{"taxonomy":"category","embeddable":true,"href":"https:\/\/www.radiopresidenteibanez.cl\/web\/wp-json\/wp\/v2\/categories?post=44175"},{"taxonomy":"post_tag","embeddable":true,"href":"https:\/\/www.radiopresidenteibanez.cl\/web\/wp-json\/wp\/v2\/tags?post=44175"}],"curies":[{"name":"wp","href":"https:\/\/api.w.org\/{rel}","templated":true}]}}