{"id":4415,"date":"2019-05-20T13:05:35","date_gmt":"2019-05-20T13:05:35","guid":{"rendered":"http:\/\/www.radiopresidenteibanez.cl\/web\/?p=4415"},"modified":"2019-05-20T13:05:49","modified_gmt":"2019-05-20T13:05:49","slug":"magallanes-se-lucio-en-el-judo-y-se-corono-campeon-en-los-juegos-nacionales-2019","status":"publish","type":"post","link":"https:\/\/www.radiopresidenteibanez.cl\/web\/magallanes-se-lucio-en-el-judo-y-se-corono-campeon-en-los-juegos-nacionales-2019\/","title":{"rendered":"MAGALLANES SE LUCI\u00d3 EN EL JUDO Y SE CORON\u00d3 CAMPE\u00d3N EN LOS JUEGOS NACIONALES 2019"},"content":{"rendered":"\n<p>Los judocas de la regi\u00f3n de Magallanes volvieron a tener una\ngran actuaci\u00f3n en los Juegos Nacionales 2019 y si el s\u00e1bado ya hab\u00edan conseguido\ncinco medallas en su primer d\u00eda de competencia, este domingo tuvieron una jornada\nde ensue\u00f1o para sumar dos oros, dos platas y un bronce y coronarse campeones de\nla disciplina en el megaevento deportivo que re\u00fane a los mejores de las 16\nregiones del pa\u00eds.<\/p>\n\n\n\n<p>En el tatami del Complejo Juan G\u00f3mez Millas de la\nUniversidad de Chile en Santiago, los magall\u00e1nicos nuevamente se lucieron y\nconsiguieron dos primeros lugares, luego que Joseline C\u00e1rdenas ganara la\ncategor\u00eda de -78 kilos y Fernando Salazar venciera en la final a Nicol\u00e1s G\u00f3mez\nde la regi\u00f3n de Arica y Parinacota para adjudicarse el oro en -81 kilos. <\/p>\n\n\n\n<p>En tanto, Rafael Romo (-90k) perdi\u00f3 la final con Gabriel\nFica de la regi\u00f3n del Biob\u00edo y se qued\u00f3 con la medalla de plata, tal como\nSebasti\u00e1n Palma (+100k), quien cay\u00f3 en la definici\u00f3n por el oro con Luis\nRetamales de Arica y Parinacota. Jos\u00e9 Soto (-100k), en tanto, venci\u00f3 en la pelea\npor el bronce a Luis Retamal. <\/p>\n\n\n\n<p>Con esta gran cosecha de medallas conseguidas este domingo y\nsumado a lo realizado el s\u00e1bado en el primer d\u00eda de competencia, la regi\u00f3n de\nMagallanes finaliz\u00f3 su participaci\u00f3n en el judo con diez preseas (tres de oro, cinco\nplatas, y dos bronces) y se qued\u00f3 con el primer lugar de los Juegos Nacionales\n2019, superando a la regi\u00f3n Metropolitana y a Arica y Parinacota, quienes\ncompletaron el podio. <\/p>\n\n\n\n<p>\u00a0\u201cEstamos muy felices y orgullosos con lo realizado por la delegaci\u00f3n de judo en los Juegos Nacionales 2019. Tal como en otras ediciones de esta competencia, demostraron que son una de las grandes disciplinas que tiene la regi\u00f3n y esta experiencia les sirve para mostrar que est\u00e1n en un gran nivel en el alto rendimiento y que por lo mismo se ganaron su espacio como deporte priorizado del Gobierno en Magallanes. Vamos por buen camino\u201d, cerr\u00f3 la Seremi del Deporte, Odette Callahan.<\/p>\n\n\n\n<figure class=\"wp-block-image\"><img loading=\"lazy\" decoding=\"async\" width=\"1024\" height=\"768\" src=\"https:\/\/www.radiopresidenteibanez.cl\/web\/wp-content\/uploads\/2019\/05\/Magallanes-campeon-judo-1024x768.jpeg\" alt=\"\" class=\"wp-image-4416\" srcset=\"https:\/\/www.radiopresidenteibanez.cl\/web\/wp-content\/uploads\/2019\/05\/Magallanes-campeon-judo-1024x768.jpeg 1024w, https:\/\/www.radiopresidenteibanez.cl\/web\/wp-content\/uploads\/2019\/05\/Magallanes-campeon-judo-300x225.jpeg 300w, https:\/\/www.radiopresidenteibanez.cl\/web\/wp-content\/uploads\/2019\/05\/Magallanes-campeon-judo-768x576.jpeg 768w, https:\/\/www.radiopresidenteibanez.cl\/web\/wp-content\/uploads\/2019\/05\/Magallanes-campeon-judo.jpeg 1280w\" sizes=\"auto, (max-width: 1024px) 100vw, 1024px\" \/><\/figure>\n","protected":false},"excerpt":{"rendered":"<p>Los judocas de la regi\u00f3n de Magallanes volvieron a tener una gran actuaci\u00f3n en los Juegos Nacionales 2019 y si el s\u00e1bado ya hab\u00edan conseguido cinco medallas en su primer&#8230; <a class=\"read-more\" href=\"https:\/\/www.radiopresidenteibanez.cl\/web\/magallanes-se-lucio-en-el-judo-y-se-corono-campeon-en-los-juegos-nacionales-2019\/\">Leer m\u00e1s<\/a><\/p>\n","protected":false},"author":2,"featured_media":4416,"comment_status":"closed","ping_status":"closed","sticky":false,"template":"","format":"standard","meta":{"footnotes":""},"categories":[3],"tags":[],"class_list":["post-4415","post","type-post","status-publish","format-standard","has-post-thumbnail","hentry","category-deportes"],"_links":{"self":[{"href":"https:\/\/www.radiopresidenteibanez.cl\/web\/wp-json\/wp\/v2\/posts\/4415","targetHints":{"allow":["GET"]}}],"collection":[{"href":"https:\/\/www.radiopresidenteibanez.cl\/web\/wp-json\/wp\/v2\/posts"}],"about":[{"href":"https:\/\/www.radiopresidenteibanez.cl\/web\/wp-json\/wp\/v2\/types\/post"}],"author":[{"embeddable":true,"href":"https:\/\/www.radiopresidenteibanez.cl\/web\/wp-json\/wp\/v2\/users\/2"}],"replies":[{"embeddable":true,"href":"https:\/\/www.radiopresidenteibanez.cl\/web\/wp-json\/wp\/v2\/comments?post=4415"}],"version-history":[{"count":0,"href":"https:\/\/www.radiopresidenteibanez.cl\/web\/wp-json\/wp\/v2\/posts\/4415\/revisions"}],"wp:featuredmedia":[{"embeddable":true,"href":"https:\/\/www.radiopresidenteibanez.cl\/web\/wp-json\/wp\/v2\/media\/4416"}],"wp:attachment":[{"href":"https:\/\/www.radiopresidenteibanez.cl\/web\/wp-json\/wp\/v2\/media?parent=4415"}],"wp:term":[{"taxonomy":"category","embeddable":true,"href":"https:\/\/www.radiopresidenteibanez.cl\/web\/wp-json\/wp\/v2\/categories?post=4415"},{"taxonomy":"post_tag","embeddable":true,"href":"https:\/\/www.radiopresidenteibanez.cl\/web\/wp-json\/wp\/v2\/tags?post=4415"}],"curies":[{"name":"wp","href":"https:\/\/api.w.org\/{rel}","templated":true}]}}