{"id":44116,"date":"2023-11-15T09:33:00","date_gmt":"2023-11-15T12:33:00","guid":{"rendered":"https:\/\/www.radiopresidenteibanez.cl\/web\/?p=44116"},"modified":"2023-11-15T08:42:47","modified_gmt":"2023-11-15T11:42:47","slug":"gremios-maritimos-locales-se-reunieron-en-punta-arenas-con-la-autoridad-maritima-nacional","status":"publish","type":"post","link":"https:\/\/www.radiopresidenteibanez.cl\/web\/gremios-maritimos-locales-se-reunieron-en-punta-arenas-con-la-autoridad-maritima-nacional\/","title":{"rendered":"GREMIOS MARITIMOS LOCALES SE REUNIERON EN PUNTA ARENAS CON LA AUTORIDAD MARITIMA NACIONAL"},"content":{"rendered":"\n<p>Recientemente con el Apoyo de CPC Magallanes y organizado por los Gremios de: Salmonicultura, Marina Mercante, Log\u00edstica Ant\u00e1rtica, Pesca Industrial y la Direcci\u00f3n de Intereses Mar\u00edtimos, donde tambi\u00e9n en algunas de ellas particip\u00f3 la Direcci\u00f3n Regional del Servicio Nacional de Pesca, &nbsp;se efectuaron una serie de reuniones las que se desarrollaron en un ambiente sincero y respetuoso, donde se analizaron todos los aspectos relacionados con la actividad, de manera de establecer tanto los aspectos positivos como las posibilidades de mejora.Las que fueron lideradas por el Contraalmirante &nbsp;Juan Gajardo Romero Director de Intereses Mar\u00edtimos y Medio Ambiente, quien present\u00f3 a los investidos para el periodo 2024 Gobernador Mar\u00edtimo Felipe Gonzalez Iturriaga y Capit\u00e1n de Puerto Esteban Avila Figueroa.Dentro de los temas m\u00e1s importantes que se trataron, fueron los riesgos producto del fen\u00f3meno del ni\u00f1o, el trabajo de buceo, la necesidad de compatibilizar el desarrollo salmonero con los parques marinos, la lentitud de las concesiones &nbsp;que paralizan la inversi\u00f3n, la urgencia de capacitar m\u00e1s estibadores, tripulantes y buzos, facilitar las inversiones tales como astilleros varaderos muelles que favorezcan el desarrollo, la coordinaci\u00f3n para una mejor fiscalizaci\u00f3n de la pesca ilegal, especialmente embarcaciones menores que provienen de otras regiones sin autorizaci\u00f3n, dentro de muchas otras.&nbsp;Tanto los gremios &nbsp;de Magallanes como la &nbsp;CPC Magallanes , valoran la disposici\u00f3n del trabajo en mesas de discusi\u00f3n sectorial con la Autoridad, las que propician desde el com\u00fan entendimiento de la realidad, buscar las mejores soluciones tanto para el crecimiento, como para la obtenci\u00f3n de mejores pr\u00e1cticas.<br>Como CPC Magallanes, esperamos estas instancias se repliquen a manera de seguir sumando en favor de una regi\u00f3n exitosa especialmente en el aspecto econ\u00f3mico y social.<\/p>\n","protected":false},"excerpt":{"rendered":"<p>Recientemente con el Apoyo de CPC Magallanes y organizado por los Gremios de: Salmonicultura, Marina Mercante, Log\u00edstica Ant\u00e1rtica, Pesca Industrial y la Direcci\u00f3n de Intereses Mar\u00edtimos, donde tambi\u00e9n en algunas&#8230; <a class=\"read-more\" href=\"https:\/\/www.radiopresidenteibanez.cl\/web\/gremios-maritimos-locales-se-reunieron-en-punta-arenas-con-la-autoridad-maritima-nacional\/\">Leer m\u00e1s<\/a><\/p>\n","protected":false},"author":2,"featured_media":44117,"comment_status":"closed","ping_status":"closed","sticky":false,"template":"","format":"standard","meta":{"footnotes":""},"categories":[1],"tags":[],"class_list":["post-44116","post","type-post","status-publish","format-standard","has-post-thumbnail","hentry","category-cronica"],"_links":{"self":[{"href":"https:\/\/www.radiopresidenteibanez.cl\/web\/wp-json\/wp\/v2\/posts\/44116","targetHints":{"allow":["GET"]}}],"collection":[{"href":"https:\/\/www.radiopresidenteibanez.cl\/web\/wp-json\/wp\/v2\/posts"}],"about":[{"href":"https:\/\/www.radiopresidenteibanez.cl\/web\/wp-json\/wp\/v2\/types\/post"}],"author":[{"embeddable":true,"href":"https:\/\/www.radiopresidenteibanez.cl\/web\/wp-json\/wp\/v2\/users\/2"}],"replies":[{"embeddable":true,"href":"https:\/\/www.radiopresidenteibanez.cl\/web\/wp-json\/wp\/v2\/comments?post=44116"}],"version-history":[{"count":0,"href":"https:\/\/www.radiopresidenteibanez.cl\/web\/wp-json\/wp\/v2\/posts\/44116\/revisions"}],"wp:featuredmedia":[{"embeddable":true,"href":"https:\/\/www.radiopresidenteibanez.cl\/web\/wp-json\/wp\/v2\/media\/44117"}],"wp:attachment":[{"href":"https:\/\/www.radiopresidenteibanez.cl\/web\/wp-json\/wp\/v2\/media?parent=44116"}],"wp:term":[{"taxonomy":"category","embeddable":true,"href":"https:\/\/www.radiopresidenteibanez.cl\/web\/wp-json\/wp\/v2\/categories?post=44116"},{"taxonomy":"post_tag","embeddable":true,"href":"https:\/\/www.radiopresidenteibanez.cl\/web\/wp-json\/wp\/v2\/tags?post=44116"}],"curies":[{"name":"wp","href":"https:\/\/api.w.org\/{rel}","templated":true}]}}