{"id":44091,"date":"2023-11-14T11:27:00","date_gmt":"2023-11-14T14:27:00","guid":{"rendered":"https:\/\/www.radiopresidenteibanez.cl\/web\/?p=44091"},"modified":"2023-11-14T10:20:48","modified_gmt":"2023-11-14T13:20:48","slug":"mision-flandes-visita-magallanes-con-miras-al-trabajo-colaborativo-en-magallanes","status":"publish","type":"post","link":"https:\/\/www.radiopresidenteibanez.cl\/web\/mision-flandes-visita-magallanes-con-miras-al-trabajo-colaborativo-en-magallanes\/","title":{"rendered":"MISION FLANDES VISITA MAGALLANES CON MIRAS AL TRABAJO COLABORATIVO EN MAGALLANES"},"content":{"rendered":"\n<p>En dependencias del GORE el Gobernador Jorge Flies se reuni\u00f3 con los representantes de la Misi\u00f3n Flandes, encabezados por la secretaria general, Julie Bynens, que se encuentran de visita en Magallanes con el objetivo de fortalecer la cooperaci\u00f3n de Flandes con nuestra regi\u00f3n.&nbsp;<\/p>\n\n\n\n<p>\u201cHemos estado con la delegaci\u00f3n comercial y de fomento de Flandes. Tenemos importantes desaf\u00edos en la regi\u00f3n para los pr\u00f3ximos a\u00f1os y Flandes tiene una tremenda experiencia en los \u00e1mbitos de energ\u00eda y puertos\u201d coment\u00f3 el Gobernador Jorge Flies.<\/p>\n\n\n\n<p>Asimismo, Flies agreg\u00f3 que \u201cconversamos sobre lo que significa la cooperaci\u00f3n p\u00fablico-privada y los distintos proyectos que hay en Magallanes\u201d.<\/p>\n\n\n\n<p>Entre los temas tratados destaca el desarrollo portuario y de innovaci\u00f3n, investigaci\u00f3n mar\u00edtima y la digitalizaci\u00f3n y procesos de las plataformas digitales.<\/p>\n\n\n\n<p>En esta l\u00ednea, Bynens, se\u00f1al\u00f3 que \u201cestuvimos dialogando sobre los grandes desaf\u00edos que hay en las regiones y nos sorprendi\u00f3 las similitudes de estos en cada zona. Ha sido una reuni\u00f3n realmente fruct\u00edfera e interesante sobre posibles colaboraciones\u201d.<\/p>\n\n\n\n<p>El programa de la misi\u00f3n Flandes tambi\u00e9n incluye reuniones en la regi\u00f3n del Bio Bio y con autoridades nacionales en Santiago.<\/p>\n","protected":false},"excerpt":{"rendered":"<p>En dependencias del GORE el Gobernador Jorge Flies se reuni\u00f3 con los representantes de la Misi\u00f3n Flandes, encabezados por la secretaria general, Julie Bynens, que se encuentran de visita en&#8230; <a class=\"read-more\" href=\"https:\/\/www.radiopresidenteibanez.cl\/web\/mision-flandes-visita-magallanes-con-miras-al-trabajo-colaborativo-en-magallanes\/\">Leer m\u00e1s<\/a><\/p>\n","protected":false},"author":2,"featured_media":44092,"comment_status":"closed","ping_status":"closed","sticky":false,"template":"","format":"standard","meta":{"footnotes":""},"categories":[1],"tags":[],"class_list":["post-44091","post","type-post","status-publish","format-standard","has-post-thumbnail","hentry","category-cronica"],"_links":{"self":[{"href":"https:\/\/www.radiopresidenteibanez.cl\/web\/wp-json\/wp\/v2\/posts\/44091","targetHints":{"allow":["GET"]}}],"collection":[{"href":"https:\/\/www.radiopresidenteibanez.cl\/web\/wp-json\/wp\/v2\/posts"}],"about":[{"href":"https:\/\/www.radiopresidenteibanez.cl\/web\/wp-json\/wp\/v2\/types\/post"}],"author":[{"embeddable":true,"href":"https:\/\/www.radiopresidenteibanez.cl\/web\/wp-json\/wp\/v2\/users\/2"}],"replies":[{"embeddable":true,"href":"https:\/\/www.radiopresidenteibanez.cl\/web\/wp-json\/wp\/v2\/comments?post=44091"}],"version-history":[{"count":0,"href":"https:\/\/www.radiopresidenteibanez.cl\/web\/wp-json\/wp\/v2\/posts\/44091\/revisions"}],"wp:featuredmedia":[{"embeddable":true,"href":"https:\/\/www.radiopresidenteibanez.cl\/web\/wp-json\/wp\/v2\/media\/44092"}],"wp:attachment":[{"href":"https:\/\/www.radiopresidenteibanez.cl\/web\/wp-json\/wp\/v2\/media?parent=44091"}],"wp:term":[{"taxonomy":"category","embeddable":true,"href":"https:\/\/www.radiopresidenteibanez.cl\/web\/wp-json\/wp\/v2\/categories?post=44091"},{"taxonomy":"post_tag","embeddable":true,"href":"https:\/\/www.radiopresidenteibanez.cl\/web\/wp-json\/wp\/v2\/tags?post=44091"}],"curies":[{"name":"wp","href":"https:\/\/api.w.org\/{rel}","templated":true}]}}