{"id":44088,"date":"2023-11-14T10:36:00","date_gmt":"2023-11-14T13:36:00","guid":{"rendered":"https:\/\/www.radiopresidenteibanez.cl\/web\/?p=44088"},"modified":"2023-11-14T08:38:36","modified_gmt":"2023-11-14T11:38:36","slug":"camara-de-turismo-de-ultima-esperanza-sereunio-con-representantes-del-ministerio-de-medio-ambiente","status":"publish","type":"post","link":"https:\/\/www.radiopresidenteibanez.cl\/web\/camara-de-turismo-de-ultima-esperanza-sereunio-con-representantes-del-ministerio-de-medio-ambiente\/","title":{"rendered":"C\u00c1MARA DE TURISMO DE \u00daLTIMA ESPERANZA SEREUNI\u00d3 CON REPRESENTANTES DEL MINISTERIO DE MEDIO AMBIENTE"},"content":{"rendered":"\n<p>El viernes 10 de noviembre en dependencias del Ministerio de Medio Ambiente, la C\u00e1mara de Turismo<br>de \u00daltima Esperanza, representada por John Ojeda como presidente reci\u00e9n electo y Adriana Aguilar<br>Lagos, sostuvieron una reuni\u00f3n con la jefa de Divisi\u00f3n de Recursos Naturales y Biodiversidad Sra. Daniela<br>Manuschevich y el jefe de Departamento de \u00c1reas Protegidas y don Diego Flores, ambos<br>correspondientes al Ministerio de Medio Ambiente.<\/p>\n\n\n\n<p>El objetivo fue realizar un saludo protocolar y dar a conocer los temas que inquietan al sector turismo en<br>la provincia de \u00daltima Esperanza, especialmente aquellos relacionados con el cambio de la<br>institucionalidad a trav\u00e9s de la Ley que crea el Servicio de Biodiversidad y \u00c1reas Protegidas (SBAP).<\/p>\n\n\n\n<p>John Ojeda, presidente reci\u00e9n electo de la C\u00e1mara de Turismo de \u00daltima Esperanza, destaca la<br>importancia del trabajo conjunto entre el Ministerio del Medio Ambiente y la C\u00e1mara. Subraya la<br>relevancia de la nueva institucionalidad a trav\u00e9s del Servicio de Biodiversidad y \u00c1reas Protegidas para<br>garantizar la preservaci\u00f3n de los atractivos tur\u00edsticos en la provincia. Manifiesta pleno apoyo y voluntad<br>para una labor conjunta, resaltando la importancia de establecer tiempos claros para la transici\u00f3n,<br>presupuestos que agilicen su implementaci\u00f3n y la participaci\u00f3n ciudadana en la conservaci\u00f3n de la<br>biodiversidad.<\/p>\n\n\n\n<p>En la mencionada reuni\u00f3n, hubo consenso en que es vital que en el protocolo de la ley de presupuesto<br>quede establecido que este nuevo servicio pueda funcionar a comienzos del primer semestre para<br>realmente contar con un servicio robusto que responda a las necesidades actuales del sector. Otros<br>temas tratados incluyen el rol fiscalizador de esta nueva institucionalidad, la ejecuci\u00f3n urgente de los<br>planes de manejo y los desaf\u00edos que enfrenta el sector turismo en la regi\u00f3n de Magallanes, con el<br>prop\u00f3sito de la operaci\u00f3n anual, junto con la necesidad de respaldo y recursos para la correcta<br>ejecuci\u00f3n de los servicios.<\/p>\n\n\n\n<p>La Ley 21.600 que crea el Servicio de Biodiversidad y \u00c1reas Protegidas y el Sistema Nacional de \u00c1reas<br>Protegidas considera el principio participativo, donde el deber del Estado es contar con mecanismos que<br>permitan la participaci\u00f3n de todas las personas y comunidades en la conservaci\u00f3n de la biodiversidad,<br>tanto a nivel nacional como regional y local. En este sentido, el Servicio promover\u00e1 la participaci\u00f3n<br>ciudadana en materias como la generaci\u00f3n de informaci\u00f3n, la educaci\u00f3n y la gesti\u00f3n de las \u00e1reas<br>protegidas, entre otras.<\/p>\n\n\n\n<p>Adriana Aguilar Lagos, gerente de la C\u00e1mara de Turismo de \u00daltima Esperanza, se\u00f1ala que: \u201cla reuni\u00f3n<br>permiti\u00f3 el acercamiento necesario con el nivel central para dar a conocer todas las inquietudes y<br>realidades en las que se debe avanzar prioritariamente, en especial en lo que se refiere a comunicaci\u00f3n,<br>bajada de informaci\u00f3n, apoyos para el sector turismo de parte de este nuevo servicio y la necesidad de<br>contar con recursos para una pronta implementaci\u00f3n\u201d.<\/p>\n","protected":false},"excerpt":{"rendered":"<p>El viernes 10 de noviembre en dependencias del Ministerio de Medio Ambiente, la C\u00e1mara de Turismode \u00daltima Esperanza, representada por John Ojeda como presidente reci\u00e9n electo y Adriana AguilarLagos, sostuvieron&#8230; <a class=\"read-more\" href=\"https:\/\/www.radiopresidenteibanez.cl\/web\/camara-de-turismo-de-ultima-esperanza-sereunio-con-representantes-del-ministerio-de-medio-ambiente\/\">Leer m\u00e1s<\/a><\/p>\n","protected":false},"author":2,"featured_media":44089,"comment_status":"closed","ping_status":"closed","sticky":false,"template":"","format":"standard","meta":{"footnotes":""},"categories":[1],"tags":[],"class_list":["post-44088","post","type-post","status-publish","format-standard","has-post-thumbnail","hentry","category-cronica"],"_links":{"self":[{"href":"https:\/\/www.radiopresidenteibanez.cl\/web\/wp-json\/wp\/v2\/posts\/44088","targetHints":{"allow":["GET"]}}],"collection":[{"href":"https:\/\/www.radiopresidenteibanez.cl\/web\/wp-json\/wp\/v2\/posts"}],"about":[{"href":"https:\/\/www.radiopresidenteibanez.cl\/web\/wp-json\/wp\/v2\/types\/post"}],"author":[{"embeddable":true,"href":"https:\/\/www.radiopresidenteibanez.cl\/web\/wp-json\/wp\/v2\/users\/2"}],"replies":[{"embeddable":true,"href":"https:\/\/www.radiopresidenteibanez.cl\/web\/wp-json\/wp\/v2\/comments?post=44088"}],"version-history":[{"count":0,"href":"https:\/\/www.radiopresidenteibanez.cl\/web\/wp-json\/wp\/v2\/posts\/44088\/revisions"}],"wp:featuredmedia":[{"embeddable":true,"href":"https:\/\/www.radiopresidenteibanez.cl\/web\/wp-json\/wp\/v2\/media\/44089"}],"wp:attachment":[{"href":"https:\/\/www.radiopresidenteibanez.cl\/web\/wp-json\/wp\/v2\/media?parent=44088"}],"wp:term":[{"taxonomy":"category","embeddable":true,"href":"https:\/\/www.radiopresidenteibanez.cl\/web\/wp-json\/wp\/v2\/categories?post=44088"},{"taxonomy":"post_tag","embeddable":true,"href":"https:\/\/www.radiopresidenteibanez.cl\/web\/wp-json\/wp\/v2\/tags?post=44088"}],"curies":[{"name":"wp","href":"https:\/\/api.w.org\/{rel}","templated":true}]}}