{"id":44083,"date":"2023-11-14T08:23:00","date_gmt":"2023-11-14T11:23:00","guid":{"rendered":"https:\/\/www.radiopresidenteibanez.cl\/web\/?p=44083"},"modified":"2023-11-14T08:13:54","modified_gmt":"2023-11-14T11:13:54","slug":"andime-anuncia-paro-de-48-horas-para-los-dias-15-y-16-de-noviembre","status":"publish","type":"post","link":"https:\/\/www.radiopresidenteibanez.cl\/web\/andime-anuncia-paro-de-48-horas-para-los-dias-15-y-16-de-noviembre\/","title":{"rendered":"ANDIME ANUNCIA PARO DE 48 HORAS PARA LOS DIAS 15 Y 16 DE NOVIEMBRE"},"content":{"rendered":"\n<p>La Asociaci\u00f3n Nacional de Trabajadores y Trabajadoras del Ministerio de Educaci\u00f3n<br>(ANDIME) luego de desplegar una importante Jornada Nacional de Paro de<br>Advertencia el lunes 6 de noviembre, recibi\u00f3 por escrito la respuesta del Ministro de<br>Educaci\u00f3n, Nicol\u00e1s Cataldo, la cual fue rechazada por la Asamblea Nacional<br>extraordinaria de dirigentes y dirigentas regionales, realizada el pasado 9 de<br>noviembre.<br>La instancia sindical determin\u00f3 que, la respuesta de la autoridad no resuelve<br>ninguno de los tres puntos presentados por la asociaci\u00f3n -Concurso de<br>Promoci\u00f3n, Traspaso de Auxiliares a Administrativos y Disminuci\u00f3n de<br>Brechas Salariales- por las siguientes razones:<br>\u25cf Es un retroceso respecto de lo que se estaba negociando durante los \u00faltimos<br>cinco meses en las mesas t\u00e9cnicas.<br>\u25cf Inexistencia de un cronograma y calendarizaci\u00f3n del proceso.<br>\u25cf Disminuye la cantidad de funcionarios y funcionarias que mejorar\u00edan sus<br>remuneraciones.<br>\u25cf No asegura que se ingrese en la discusi\u00f3n 2023 del Presupuesto para que se<br>implemente en 2024.<br>Es por ello que la movilizaci\u00f3n ascendente seguir\u00e1 su trayectoria mientras el<br>Ministerio de Educaci\u00f3n no entregue una respuesta satisfactoria, que respete lo<br>acordado y se comprometa de manera genuina a avanzar en carrera funcionaria,<br>con los siguientes elementos:<br>\u25cf Promoci\u00f3n: Calendarizaci\u00f3n y cronograma de hitos para ingresar la<br>propuesta a Dipres y a la discusi\u00f3n del Presupuesto Mineduc 2024.<br>\u25cf Brechas Salariales: Mantenci\u00f3n de la cantidad de funcionarios y funcionarias<br>inicialmente informados que se beneficiar\u00edan con la mejora.<br>\u25cf Traspaso de Auxiliares a Administrativos: Que se materialice formalmente en<br>lo que resta del a\u00f1o 2023.<\/p>\n\n\n\n<p>En ese marco los trabajadores y trabajadoras del Ministerio de Educaci\u00f3n<br>desplegar\u00e1n dos jornadas de Paro Total de Actividades Laborales los d\u00edas<br>mi\u00e9rcoles 15 y jueves 16 de noviembre en todas las oficinas a lo largo del pa\u00eds.<br>Cabe destacar que Andime en el Paro de Advertencia del 6 de noviembre tuvo una<br>adhesi\u00f3n aproximada de un 95 por ciento.<br>Con organizaci\u00f3n y unidad sindical seguiremos avanzando en la lucha por carrera<br>funcionaria, para responder a los desaf\u00edos del sistema educativo para el resguardo<br>del derecho a la educaci\u00f3n.<\/p>\n","protected":false},"excerpt":{"rendered":"<p>La Asociaci\u00f3n Nacional de Trabajadores y Trabajadoras del Ministerio de Educaci\u00f3n(ANDIME) luego de desplegar una importante Jornada Nacional de Paro deAdvertencia el lunes 6 de noviembre, recibi\u00f3 por escrito la&#8230; <a class=\"read-more\" href=\"https:\/\/www.radiopresidenteibanez.cl\/web\/andime-anuncia-paro-de-48-horas-para-los-dias-15-y-16-de-noviembre\/\">Leer m\u00e1s<\/a><\/p>\n","protected":false},"author":2,"featured_media":43907,"comment_status":"closed","ping_status":"closed","sticky":false,"template":"","format":"standard","meta":{"footnotes":""},"categories":[1],"tags":[],"class_list":["post-44083","post","type-post","status-publish","format-standard","has-post-thumbnail","hentry","category-cronica"],"_links":{"self":[{"href":"https:\/\/www.radiopresidenteibanez.cl\/web\/wp-json\/wp\/v2\/posts\/44083","targetHints":{"allow":["GET"]}}],"collection":[{"href":"https:\/\/www.radiopresidenteibanez.cl\/web\/wp-json\/wp\/v2\/posts"}],"about":[{"href":"https:\/\/www.radiopresidenteibanez.cl\/web\/wp-json\/wp\/v2\/types\/post"}],"author":[{"embeddable":true,"href":"https:\/\/www.radiopresidenteibanez.cl\/web\/wp-json\/wp\/v2\/users\/2"}],"replies":[{"embeddable":true,"href":"https:\/\/www.radiopresidenteibanez.cl\/web\/wp-json\/wp\/v2\/comments?post=44083"}],"version-history":[{"count":0,"href":"https:\/\/www.radiopresidenteibanez.cl\/web\/wp-json\/wp\/v2\/posts\/44083\/revisions"}],"wp:featuredmedia":[{"embeddable":true,"href":"https:\/\/www.radiopresidenteibanez.cl\/web\/wp-json\/wp\/v2\/media\/43907"}],"wp:attachment":[{"href":"https:\/\/www.radiopresidenteibanez.cl\/web\/wp-json\/wp\/v2\/media?parent=44083"}],"wp:term":[{"taxonomy":"category","embeddable":true,"href":"https:\/\/www.radiopresidenteibanez.cl\/web\/wp-json\/wp\/v2\/categories?post=44083"},{"taxonomy":"post_tag","embeddable":true,"href":"https:\/\/www.radiopresidenteibanez.cl\/web\/wp-json\/wp\/v2\/tags?post=44083"}],"curies":[{"name":"wp","href":"https:\/\/api.w.org\/{rel}","templated":true}]}}