{"id":4407,"date":"2019-05-20T12:50:11","date_gmt":"2019-05-20T12:50:11","guid":{"rendered":"http:\/\/www.radiopresidenteibanez.cl\/web\/?p=4407"},"modified":"2019-05-20T12:50:23","modified_gmt":"2019-05-20T12:50:23","slug":"edelmag-informa-situacion-con-el-suministro-electrico-por-fuerte-rachas-de-viento","status":"publish","type":"post","link":"https:\/\/www.radiopresidenteibanez.cl\/web\/edelmag-informa-situacion-con-el-suministro-electrico-por-fuerte-rachas-de-viento\/","title":{"rendered":"EDELMAG INFORMA SITUACI\u00d3N CON EL SUMINISTRO EL\u00c9CTRICO POR FUERTE RACHAS DE VIENTO"},"content":{"rendered":"\n<p>En&nbsp;relaci\u00f3n al comportamiento del sistema el\u00e9ctrico de Punta Arenas, durante el temporal de viento que durante las \u00faltimas horas ha afectado a la ciudad, la Empresa El\u00e9ctrica de Magallanes informa lo siguiente:<\/p>\n\n\n\n<ul class=\"wp-block-list\"><li>Desde esta madrugada, las brigadas de emergencia de EDELMAG junto con empresas contratistas, han debido atender m\u00faltiples emergencias asociadas a las condiciones clim\u00e1ticas, que durante las \u00faltimas horas se han caracterizado por la presencia de fuertes rachas de viento, que incluso obligaron a la autoridad a decretar alerta temprana preventiva.<\/li><\/ul>\n\n\n\n<ul class=\"wp-block-list\"><li>Hasta el momento la situaci\u00f3n m\u00e1s compleja corresponde a la registrada alrededor de las 3:15 horas, que afect\u00f3 a 2.200 clientes del sector norte, donde se encuentra entre otro la Poblaci\u00f3n Cardenal Silva Henr\u00edquez y el sector Llau Llau, quienes vieron afectado el suministro de energ\u00eda producto del corte de una l\u00ednea de media tensi\u00f3n. El servicio se repuso alrededor de las 6:30 horas.<\/li><\/ul>\n\n\n\n<ul class=\"wp-block-list\"><li>Tambi\u00e9n clientes de una parte del Barrio Prat, Villa Selknam, Manuel Bulnes y Poblaci\u00f3n Empart, han sido afectados producto de las fuertes r\u00e1fagas.<\/li><\/ul>\n\n\n\n<ul class=\"wp-block-list\"><li>A las 9:10 se debi\u00f3 interrumpir el suministro en el sector de Avenida Espa\u00f1a con Jos\u00e9 Miguel Carrera, debido al corte de una l\u00ednea de baja tensi\u00f3n, afectando a 24 clientes. Las tareas de reparaci\u00f3n se prolongar\u00e1n hasta las 11:00 horas aproximadamente.<\/li><\/ul>\n\n\n\n<ul class=\"wp-block-list\"><li>Por otra parte, el contact center de la empresa, hasta esta hora ha recibido 24 llamadas de clientes domiciliarios, solicitando la conexi\u00f3n de empalmes o revisi\u00f3n de l\u00edneas cortadas.<\/li><\/ul>\n\n\n\n<ul class=\"wp-block-list\"><li>Desde el inicio de la emergencia, se han dispuesto 6 brigadas menores y 3 camiones de empresas contratistas con 9 operarios; adem\u00e1s de personal propio, con sus respectivos supervisores, para restablecer el suministro el\u00e9ctrico en el menor tiempo posible. Respetando las medidas de seguridad y descanso que se requieren en estos casos, con el objetivo de evitar accidentes que puedan afectar a los trabajadores.<\/li><\/ul>\n\n\n\n<ul class=\"wp-block-list\"><li>EDELMAG lamenta los inconvenientes provocados por esta situaci\u00f3n, y asegura que se han&nbsp;dispuesto inmediato todos los medios t\u00e9cnicos y humanos para el restablecimiento total de la energ\u00eda en el menor tiempo posible. Adem\u00e1s, hace un llamado a que los clientes tomen las precauciones necesarias, para impedir que elementos extra\u00f1os lleguen hasta las l\u00edneas el\u00e9ctricas.<\/li><\/ul>\n\n\n\n<ul class=\"wp-block-list\"><li>Se reitera que se encuentra disponible el Fono Clientes 600 6200 100 y la cuenta twitter @edelmag_sos, para atender consultas y requerimientos. Para una atenci\u00f3n m\u00e1s expedita, es importante que tengan a mano su n\u00famero de cliente que se encuentra impreso en la parte superior de la boleta.<\/li><\/ul>\n\n\n\n<figure class=\"wp-block-image\"><img loading=\"lazy\" decoding=\"async\" width=\"900\" height=\"675\" src=\"http:\/\/www.radiopresidenteibanez.cl\/web\/wp-content\/uploads\/2019\/01\/EDELMAG7.jpg\" alt=\"\" class=\"wp-image-714\" srcset=\"https:\/\/www.radiopresidenteibanez.cl\/web\/wp-content\/uploads\/2019\/01\/EDELMAG7.jpg 900w, https:\/\/www.radiopresidenteibanez.cl\/web\/wp-content\/uploads\/2019\/01\/EDELMAG7-300x225.jpg 300w, https:\/\/www.radiopresidenteibanez.cl\/web\/wp-content\/uploads\/2019\/01\/EDELMAG7-768x576.jpg 768w\" sizes=\"auto, (max-width: 900px) 100vw, 900px\" \/><\/figure>\n","protected":false},"excerpt":{"rendered":"<p>En&nbsp;relaci\u00f3n al comportamiento del sistema el\u00e9ctrico de Punta Arenas, durante el temporal de viento que durante las \u00faltimas horas ha afectado a la ciudad, la Empresa El\u00e9ctrica de Magallanes informa&#8230; <a class=\"read-more\" href=\"https:\/\/www.radiopresidenteibanez.cl\/web\/edelmag-informa-situacion-con-el-suministro-electrico-por-fuerte-rachas-de-viento\/\">Leer m\u00e1s<\/a><\/p>\n","protected":false},"author":2,"featured_media":714,"comment_status":"closed","ping_status":"closed","sticky":false,"template":"","format":"standard","meta":{"footnotes":""},"categories":[1],"tags":[],"class_list":["post-4407","post","type-post","status-publish","format-standard","has-post-thumbnail","hentry","category-cronica"],"_links":{"self":[{"href":"https:\/\/www.radiopresidenteibanez.cl\/web\/wp-json\/wp\/v2\/posts\/4407","targetHints":{"allow":["GET"]}}],"collection":[{"href":"https:\/\/www.radiopresidenteibanez.cl\/web\/wp-json\/wp\/v2\/posts"}],"about":[{"href":"https:\/\/www.radiopresidenteibanez.cl\/web\/wp-json\/wp\/v2\/types\/post"}],"author":[{"embeddable":true,"href":"https:\/\/www.radiopresidenteibanez.cl\/web\/wp-json\/wp\/v2\/users\/2"}],"replies":[{"embeddable":true,"href":"https:\/\/www.radiopresidenteibanez.cl\/web\/wp-json\/wp\/v2\/comments?post=4407"}],"version-history":[{"count":0,"href":"https:\/\/www.radiopresidenteibanez.cl\/web\/wp-json\/wp\/v2\/posts\/4407\/revisions"}],"wp:featuredmedia":[{"embeddable":true,"href":"https:\/\/www.radiopresidenteibanez.cl\/web\/wp-json\/wp\/v2\/media\/714"}],"wp:attachment":[{"href":"https:\/\/www.radiopresidenteibanez.cl\/web\/wp-json\/wp\/v2\/media?parent=4407"}],"wp:term":[{"taxonomy":"category","embeddable":true,"href":"https:\/\/www.radiopresidenteibanez.cl\/web\/wp-json\/wp\/v2\/categories?post=4407"},{"taxonomy":"post_tag","embeddable":true,"href":"https:\/\/www.radiopresidenteibanez.cl\/web\/wp-json\/wp\/v2\/tags?post=4407"}],"curies":[{"name":"wp","href":"https:\/\/api.w.org\/{rel}","templated":true}]}}