{"id":44048,"date":"2023-11-13T10:22:00","date_gmt":"2023-11-13T13:22:00","guid":{"rendered":"https:\/\/www.radiopresidenteibanez.cl\/web\/?p=44048"},"modified":"2023-11-13T08:38:29","modified_gmt":"2023-11-13T11:38:29","slug":"familias-de-natales-conocieron-la-vivienda-piloto-de-los-proyectos-costanera","status":"publish","type":"post","link":"https:\/\/www.radiopresidenteibanez.cl\/web\/familias-de-natales-conocieron-la-vivienda-piloto-de-los-proyectos-costanera\/","title":{"rendered":"FAMILIAS DE NATALES CONOCIERON LA VIVIENDA PILOTO DE LOS PROYECTOS COSTANERA"},"content":{"rendered":"\n<p>En el marco de las actividades del Plan de Habilitaci\u00f3n Social que contemplan los proyectos habitacionales del Minvu, este viernes el Seremi&nbsp;<strong>Marco Uribe Saldivia<\/strong>&nbsp;y el Director (s) Serviu,&nbsp;<strong>Omar Gonz\u00e1lez Asenjo<\/strong>, acompa\u00f1aron a las familias de tres agrupaciones en la visita de la vivienda piloto de los proyectos Costanera en Natales.<\/p>\n\n\n\n<p>Se trata de tres proyectos habitacionales que suman 239 viviendas, distribuidas en dos barrios de casas unipersonales y del primer conjunto de departamentos sociales de la comuna de Natales: todos con una ubicaci\u00f3n privilegiada frente al borde costero.<\/p>\n\n\n\n<p>\u201cVisitamos el departamento piloto de los primeros edificios que se construyen en Natales, junto a otros dos proyectos de viviendas. Todos de alto est\u00e1ndar, con una ubicaci\u00f3n de primer nivel frente al Canal Se\u00f1oret. En el Mes de las Ciudades Justas, es un ejemplo de integraci\u00f3n urbana que favorece la vida de 239 familias natalinas\u201d, destac\u00f3 el Seremi Marco Uribe.<\/p>\n\n\n\n<p>Estos proyectos son parte del Plan de Emergencia Habitacional del Ministerio de Vivienda y Urbanismo y cuentan con recursos aportados por el Gobierno Regional y las propias familias. La empresa Retamal y Oyarz\u00fan est\u00e1 trabajando como entidad patrocinante y la constructora Salfa est\u00e1 a cargo de las obras.<\/p>\n\n\n\n<p>\u201cEstamos muy contentos de poder acompa\u00f1ar a las familias en un hito tan importante como es la visita a la vivienda piloto, porque pueden ver, medir y proyectar como ser\u00e1 su hogar. Estamos hablando de soluciones habitacionales de alto est\u00e1ndar, con terminaciones, cer\u00e1micos, piso flotante y calefacci\u00f3n central, que se suma a un gran equipamiento comunitario para consolidar tres barrios de calidad para Natales\u201d, realz\u00f3 el Director (s) del Serviu.<\/p>\n\n\n\n<p>En el cumplimiento del Plan de Emergencia Habitacional, el Minvu ha gestionado 887 viviendas en Natales, de las cuales 344 ya fueron entregadas, 239 soluciones habitacionales se encuentran en ejecuci\u00f3n y se proyectan otras 304 en los conjuntos habitacionales Los Fiordos 1 y 2.<\/p>\n\n\n\n<p><strong>Los primeros edificios<\/strong><strong><\/strong><\/p>\n\n\n\n<p>El proyecto Costanera 1 contempla la construcci\u00f3n de cuatro edificios, con un total de 64 departamentos de 60 m2. Las viviendas tendr\u00e1n piso flotante en los sectores del living, comedor y dormitorios, mientras que el ba\u00f1o, la cocina y la logia consideran cer\u00e1micos en muros y piso, con puntos de conexi\u00f3n para lavadora, un lavadero y la caldera de la calefacci\u00f3n central.<\/p>\n\n\n\n<p>\u201cNos sentimos complacidos porque en marzo comenz\u00f3 la construcci\u00f3n y en siete meses hemos visto un gran avance. Las familias quedamos muy conformes, ya que este es un proyecto de departamentos bien equipados, con buenas terminaciones, y, adem\u00e1s, contaremos con un quincho y una cancha de pasto sint\u00e9tico\u201d, coment\u00f3&nbsp;<strong>Sergio Painel<\/strong>, presidente de la agrupaci\u00f3n Esfuerzo y Unidad de Natales.<\/p>\n\n\n\n<p>Este nuevo barrio tambi\u00e9n tendr\u00e1 una sala de uso m\u00faltiple, de 64,7 m2, adem\u00e1s de \u00e1reas verdes, juegos de diversi\u00f3n para ni\u00f1as y ni\u00f1os, zona de ejercicios, multicancha, paisajismo, muros de contenci\u00f3n, cierres, esca\u00f1os y basureros.<\/p>\n","protected":false},"excerpt":{"rendered":"<p>En el marco de las actividades del Plan de Habilitaci\u00f3n Social que contemplan los proyectos habitacionales del Minvu, este viernes el Seremi&nbsp;Marco Uribe Saldivia&nbsp;y el Director (s) Serviu,&nbsp;Omar Gonz\u00e1lez Asenjo,&#8230; <a class=\"read-more\" href=\"https:\/\/www.radiopresidenteibanez.cl\/web\/familias-de-natales-conocieron-la-vivienda-piloto-de-los-proyectos-costanera\/\">Leer m\u00e1s<\/a><\/p>\n","protected":false},"author":2,"featured_media":44049,"comment_status":"closed","ping_status":"closed","sticky":false,"template":"","format":"standard","meta":{"footnotes":""},"categories":[1],"tags":[],"class_list":["post-44048","post","type-post","status-publish","format-standard","has-post-thumbnail","hentry","category-cronica"],"_links":{"self":[{"href":"https:\/\/www.radiopresidenteibanez.cl\/web\/wp-json\/wp\/v2\/posts\/44048","targetHints":{"allow":["GET"]}}],"collection":[{"href":"https:\/\/www.radiopresidenteibanez.cl\/web\/wp-json\/wp\/v2\/posts"}],"about":[{"href":"https:\/\/www.radiopresidenteibanez.cl\/web\/wp-json\/wp\/v2\/types\/post"}],"author":[{"embeddable":true,"href":"https:\/\/www.radiopresidenteibanez.cl\/web\/wp-json\/wp\/v2\/users\/2"}],"replies":[{"embeddable":true,"href":"https:\/\/www.radiopresidenteibanez.cl\/web\/wp-json\/wp\/v2\/comments?post=44048"}],"version-history":[{"count":0,"href":"https:\/\/www.radiopresidenteibanez.cl\/web\/wp-json\/wp\/v2\/posts\/44048\/revisions"}],"wp:featuredmedia":[{"embeddable":true,"href":"https:\/\/www.radiopresidenteibanez.cl\/web\/wp-json\/wp\/v2\/media\/44049"}],"wp:attachment":[{"href":"https:\/\/www.radiopresidenteibanez.cl\/web\/wp-json\/wp\/v2\/media?parent=44048"}],"wp:term":[{"taxonomy":"category","embeddable":true,"href":"https:\/\/www.radiopresidenteibanez.cl\/web\/wp-json\/wp\/v2\/categories?post=44048"},{"taxonomy":"post_tag","embeddable":true,"href":"https:\/\/www.radiopresidenteibanez.cl\/web\/wp-json\/wp\/v2\/tags?post=44048"}],"curies":[{"name":"wp","href":"https:\/\/api.w.org\/{rel}","templated":true}]}}