{"id":44017,"date":"2023-11-11T09:42:00","date_gmt":"2023-11-11T12:42:00","guid":{"rendered":"https:\/\/www.radiopresidenteibanez.cl\/web\/?p=44017"},"modified":"2023-11-10T11:46:06","modified_gmt":"2023-11-10T14:46:06","slug":"estudiantes-de-acuicultura-visitaron-el-centro-estero-riquelme-gracias-a-actividad-liderada-por-blumar","status":"publish","type":"post","link":"https:\/\/www.radiopresidenteibanez.cl\/web\/estudiantes-de-acuicultura-visitaron-el-centro-estero-riquelme-gracias-a-actividad-liderada-por-blumar\/","title":{"rendered":"ESTUDIANTES DE ACUICULTURA VISITARON EL CENTRO ESTERO RIQUELME GRACIAS A ACTIVIDAD LIDERADA POR BLUMAR"},"content":{"rendered":"\n<p>En el marco del convenio que<br>Blumar y el Liceo Mar\u00eda Behety de Punta Arenas tienen desde 2018, estudiantes de 4\u00b0<br>medio de la especialidad de Acuicultura visitaron el Estero Riquelme, centro que se<br>encuentra en el seno Skyring, en R\u00edo Verde.<br>Esta es la quinta vez que se realiza la actividad, cuyo objetivo fue acercar a los<br>alumnos al terreno y a las pr\u00e1cticas que se llevan a cabo en los trabajos relacionados con<br>su especialidad.<br>Mayte Contreras es una de las alumnas que visit\u00f3 el centro. Manifest\u00f3 que \u201cfue<br>muy entretenido, es mucho m\u00e1s din\u00e1mico de lo que hab\u00eda pensado y es totalmente<br>distinto de lo que se ve en las clases, que son te\u00f3ricas. Hay muchas cosas que no<br>sab\u00edamos\u201d.<br>Catalina Arcos cursa asimismo la especialidad de Acuicultura y mencion\u00f3 que<br>\u201cno es tan com\u00fan en los liceos tener esta experiencia. Se viene a experimentar otra cosa<br>que no todos los alumnos de 4\u00b0 (medio) podr\u00e1n ver\u201d.<br>El inspector general del liceo, Hugo Mancilla, ha participado tres veces en la<br>instancia y coment\u00f3 que \u201ces una experiencia muy significativa para los estudiantes,<br>porque lo que ven en la teor\u00eda lo pueden ver en la pr\u00e1ctica. Siempre veo una muy buena<br>voluntad de las personas que trabajan aqu\u00ed para atender a los muchachos, y sobre todo<br>las ganas que tienen de que ellos aprendan\u201d.<br>Por su parte, Francisco Mena, jefe del Centro Estero Riquelme de Blumar,<br>valor\u00f3 que \u201ces muy gratificante recibir a los alumnos, porque son los acuicultores del<br>futuro, es bueno compartir lo que hacemos con ellos. Lo m\u00e1s importante es que con<br>estas instancias nos integramos m\u00e1s en la comunidad. Tenemos una alianza estrat\u00e9gica<br>hace a\u00f1os con el liceo, hay personas que han hecho pr\u00e1cticas con nosotros y que ya son<br>colaboradores nuestros\u201d.<\/p>\n","protected":false},"excerpt":{"rendered":"<p>En el marco del convenio queBlumar y el Liceo Mar\u00eda Behety de Punta Arenas tienen desde 2018, estudiantes de 4\u00b0medio de la especialidad de Acuicultura visitaron el Estero Riquelme, centro&#8230; <a class=\"read-more\" href=\"https:\/\/www.radiopresidenteibanez.cl\/web\/estudiantes-de-acuicultura-visitaron-el-centro-estero-riquelme-gracias-a-actividad-liderada-por-blumar\/\">Leer m\u00e1s<\/a><\/p>\n","protected":false},"author":2,"featured_media":44018,"comment_status":"closed","ping_status":"closed","sticky":false,"template":"","format":"standard","meta":{"footnotes":""},"categories":[1],"tags":[],"class_list":["post-44017","post","type-post","status-publish","format-standard","has-post-thumbnail","hentry","category-cronica"],"_links":{"self":[{"href":"https:\/\/www.radiopresidenteibanez.cl\/web\/wp-json\/wp\/v2\/posts\/44017","targetHints":{"allow":["GET"]}}],"collection":[{"href":"https:\/\/www.radiopresidenteibanez.cl\/web\/wp-json\/wp\/v2\/posts"}],"about":[{"href":"https:\/\/www.radiopresidenteibanez.cl\/web\/wp-json\/wp\/v2\/types\/post"}],"author":[{"embeddable":true,"href":"https:\/\/www.radiopresidenteibanez.cl\/web\/wp-json\/wp\/v2\/users\/2"}],"replies":[{"embeddable":true,"href":"https:\/\/www.radiopresidenteibanez.cl\/web\/wp-json\/wp\/v2\/comments?post=44017"}],"version-history":[{"count":0,"href":"https:\/\/www.radiopresidenteibanez.cl\/web\/wp-json\/wp\/v2\/posts\/44017\/revisions"}],"wp:featuredmedia":[{"embeddable":true,"href":"https:\/\/www.radiopresidenteibanez.cl\/web\/wp-json\/wp\/v2\/media\/44018"}],"wp:attachment":[{"href":"https:\/\/www.radiopresidenteibanez.cl\/web\/wp-json\/wp\/v2\/media?parent=44017"}],"wp:term":[{"taxonomy":"category","embeddable":true,"href":"https:\/\/www.radiopresidenteibanez.cl\/web\/wp-json\/wp\/v2\/categories?post=44017"},{"taxonomy":"post_tag","embeddable":true,"href":"https:\/\/www.radiopresidenteibanez.cl\/web\/wp-json\/wp\/v2\/tags?post=44017"}],"curies":[{"name":"wp","href":"https:\/\/api.w.org\/{rel}","templated":true}]}}