{"id":44014,"date":"2023-11-10T18:19:00","date_gmt":"2023-11-10T21:19:00","guid":{"rendered":"https:\/\/www.radiopresidenteibanez.cl\/web\/?p=44014"},"modified":"2023-11-10T11:26:22","modified_gmt":"2023-11-10T14:26:22","slug":"seremi-de-salud-de-magallanes-realizo-escuela-gestora-de-lideres-sociales-entenencia-responsable-de-mascotas","status":"publish","type":"post","link":"https:\/\/www.radiopresidenteibanez.cl\/web\/seremi-de-salud-de-magallanes-realizo-escuela-gestora-de-lideres-sociales-entenencia-responsable-de-mascotas\/","title":{"rendered":"SEREMI DE SALUD DE MAGALLANES REALIZ\u00d3 ESCUELA GESTORA DE LIDERES SOCIALES ENTENENCIA RESPONSABLE DE MASCOTAS"},"content":{"rendered":"\n<p>Con la participaci\u00f3n de agrupaciones ciudadanas y de entidades p\u00fablicas, la Autoridad Sanitaria de<br>Magallanes realiz\u00f3 una Escuela Gestora de L\u00edderes Sociales de Tenencia Responsable de Mascotas,<br>siendo a la fecha una de las tres Seremis del pa\u00eds en llevar a cabo esta iniciativa junto con la Regi\u00f3n<br>Metropolitana y Coquimbo.<br>De esta forma, en una jornada a cargo de los m\u00e9dicos veterinarios Denisse Ormazabal y Sergio<br>P\u00e9rez, de la Unidad de Zoonosis de la Seremi, se llev\u00f3 a cabo esta capacitaci\u00f3n que tuvo como<br>objetivo de generar un espacio de dialogo y contribuir a la formaci\u00f3n de l\u00edderes sociales en esta<br>tem\u00e1tica.<br>En la oportunidad, se entregaron herramientas te\u00f3rico-pr\u00e1cticas asociadas a la tenencia<br>responsable de mascotas y su relaci\u00f3n con la salud, importancia de los controles peri\u00f3dicos de las<br>mascotas para prevenir enfermedades, mantenci\u00f3n de vacunas al d\u00eda, realizaci\u00f3n de control de<br>par\u00e1sitos y que cuenten con identificaci\u00f3n mediante microchip. Se potenci\u00f3 que los participantes<br>se transformen en difusores de esta informaci\u00f3n en sus comunidades, impulsando proyectos y<br>tomando decisiones con conocimiento de las normativas vigentes y de las pol\u00edticas p\u00fablicas que se<br>implementan en sus territorios.<br>La Seremi de Salud, Francisca Sanfuentes, resalt\u00f3 que \u201chemos desarrollado la primera escuela de<br>gestores en tenencia responsable de mascotas que se realiza en nuestra regi\u00f3n. Esta ha sido una<br>instancia muy interesante en la cual han participado representantes de la sociedad civil<br>organizada, de agrupaciones y tambi\u00e9n de instituciones p\u00fablicas. El objetivo era poder generar un<br>espacio de conversaci\u00f3n y entregar nociones y conocimientos respecto a la tenencia responsable<br>de mascotas, sus aspectos legales, y tambi\u00e9n, los cuidados necesarios con estos animales de<br>compa\u00f1\u00eda para resguardar la salud de las personas\u201d.<br>\u201cSabemos que asociado a los beneficios de tener una mascota, existen riesgos relacionados a las<br>mordeduras o a la transmisi\u00f3n de enfermedades zoon\u00f3ticas, y es por eso que es muy importante<br>poder generar estos espacios. Hemos visto que hemos tenido una muy buena acogida y<br>esperamos contar con l\u00edderes dentro de nuestra comunidad que a su vez puedan transmitir estos<br>conocimientos a su entorno y generar, adem\u00e1s, desde los conocimientos del territorio, iniciativas<br>relacionadas con la tenencia responsable de mascotas\u201d, detall\u00f3 la autoridad de salud.<br>La profesional de la Unidad de Zoonosis y Control de Vectores, Denisse Ormazabal, indic\u00f3 que<br>\u201cabordamos globalmente la ley N\u00b021.020 sobre maltrato animal, las obligaciones que tienen los<\/p>\n\n\n\n<p>propietarios con sus mascotas, perros potencialmente peligrosos, sus definiciones y<br>responsabilidades de los tutores, enfermedades zoon\u00f3ticas, y tambi\u00e9n abordamos el tema de las<br>mordeduras y rabia. La idea es informar y empoderar a la comunidad, representantes de las ONG,<br>de las otras instituciones que tambi\u00e9n tienen que ver con el tema de la legislaci\u00f3n de la ley<br>N\u00b021.020, y vecinos en general para que puedan replicar esta informaci\u00f3n con sus pares, ya que la<br>educaci\u00f3n y la informaci\u00f3n es uno de los pilares de la tenencia responsable de mascotas\u201d.<br>Se cont\u00f3 tambi\u00e9n con la exposici\u00f3n del profesional de la Subsecretar\u00eda de Desarrollo Regional<br>(Subdere), Carlos P\u00e1vez, asesor del Programa de Tenencia Responsable, quien dio a conocer<br>informaci\u00f3n sobre Fondos Concursables que a\u00f1o a a\u00f1o entrega esta instituci\u00f3n a organizaciones<br>de protecci\u00f3n animal que trabajan en esta tem\u00e1tica. \u201cLes dimos a conocer cu\u00e1les son las bases,<br>c\u00f3mo se postula, cu\u00e1les son las l\u00edneas de financiamiento, los requisitos que tienen, el calendario<br>de postulaci\u00f3n, y as\u00ed dar a conocer a la comunidad que existen fondos, que no solamente pueden<br>recurrir a \u00e1reas privadas, pues tambi\u00e9n existen instancias en el \u00e1mbito p\u00fablico. Hay fondos que<br>est\u00e1n disponibles para que ellos puedan apoyarse en este trabajo que es el rescate y el apoyo al<br>manejo de mascotas\u201d. Agreg\u00f3 que para m\u00e1s informaci\u00f3n de estos fondos se puede acceder a la<br>p\u00e1gina web: http:\/\/www.tenenciaresponsablemascota.cl\/<br>Uno de los participantes de esta actividad, el Subcomisario Eric Vergara, de la Brigada de Delitos<br>Econ\u00f3micos, quien cumple funciones en el equipo medioambiental de la PDI, indic\u00f3 que \u201cpara<br>nosotros es importante que la ciudadan\u00eda se informe, que creen estos proyectos para poder<br>explicar a la gente la diferencia entre lo que es maltrato, lo que es la tenencia, cu\u00e1les son las<br>obligaciones y la responsabilidad de las personas al momento de adoptar una mascota. Y para<br>nosotros siempre va a ser importante seguir inform\u00e1ndonos\u201d.<br>El Cabo Primero de Carabineros, Leonardo Gar\u00edn Navarrete, Delegado de Cuadrante y<br>perteneciente a la Patrulla Integraci\u00f3n Comunitaria, valor\u00f3 esta capacitaci\u00f3n dado el rol que<br>desarrolla esta instituci\u00f3n en el territorio. \u201cHoy en d\u00eda una mascota viene a ser parte de la familia.<br>Entonces, lo importante es culturizarnos de c\u00f3mo poder mejorar nuestros servicios de ayuda a la<br>comunidad\u201d.<br>El presente a\u00f1o el Minsal prioriz\u00f3 3 regiones para implementar la estrategia de Escuela de<br>Gestores en tenencia Responsable de Mascotas: Regi\u00f3n de Coquimbo, Regi\u00f3n Metropolitana y<br>Regi\u00f3n de Magallanes. Se considera la ejecuci\u00f3n de 2 escuelas por regi\u00f3n, en provincias<br>diferentes, donde se presentar\u00e1n los m\u00f3dulos relacionados al tema y se finalizar\u00e1 con un trabajo<br>pr\u00e1ctico, donde las personas participantes desarrollar\u00e1n una idea de proyecto que se podr\u00eda<br>implementar en sus territorios.<br>La tenencia de mascotas tiene externalidades positivas para los tenedores con relaci\u00f3n a su salud<br>f\u00edsica y mental. Sin embargo, tambi\u00e9n existen aspectos negativos asociados a la tenencia de<br>mascotas, como, por ejemplo, las mordeduras y las enfermedades que ellas nos transmiten.<\/p>\n\n\n\n<p>El MINSAL cuenta con un Registro Nacional de Animales Mordedores, que alberga anualmente<br>m\u00e1s de 45 mil registros de atenciones m\u00e9dicas a ra\u00edz de mordeduras (promedio de los a\u00f1os 2019,<br>2020 y 2021 es de 46.502 notificaciones). Magallanes durante el 2023, desde el 01 de enero a la<br>fecha, registra 936 notificaciones de mordedura.<\/p>\n","protected":false},"excerpt":{"rendered":"<p>Con la participaci\u00f3n de agrupaciones ciudadanas y de entidades p\u00fablicas, la Autoridad Sanitaria deMagallanes realiz\u00f3 una Escuela Gestora de L\u00edderes Sociales de Tenencia Responsable de Mascotas,siendo a la fecha una&#8230; <a class=\"read-more\" href=\"https:\/\/www.radiopresidenteibanez.cl\/web\/seremi-de-salud-de-magallanes-realizo-escuela-gestora-de-lideres-sociales-entenencia-responsable-de-mascotas\/\">Leer m\u00e1s<\/a><\/p>\n","protected":false},"author":2,"featured_media":44015,"comment_status":"closed","ping_status":"closed","sticky":false,"template":"","format":"standard","meta":{"footnotes":""},"categories":[1],"tags":[],"class_list":["post-44014","post","type-post","status-publish","format-standard","has-post-thumbnail","hentry","category-cronica"],"_links":{"self":[{"href":"https:\/\/www.radiopresidenteibanez.cl\/web\/wp-json\/wp\/v2\/posts\/44014","targetHints":{"allow":["GET"]}}],"collection":[{"href":"https:\/\/www.radiopresidenteibanez.cl\/web\/wp-json\/wp\/v2\/posts"}],"about":[{"href":"https:\/\/www.radiopresidenteibanez.cl\/web\/wp-json\/wp\/v2\/types\/post"}],"author":[{"embeddable":true,"href":"https:\/\/www.radiopresidenteibanez.cl\/web\/wp-json\/wp\/v2\/users\/2"}],"replies":[{"embeddable":true,"href":"https:\/\/www.radiopresidenteibanez.cl\/web\/wp-json\/wp\/v2\/comments?post=44014"}],"version-history":[{"count":0,"href":"https:\/\/www.radiopresidenteibanez.cl\/web\/wp-json\/wp\/v2\/posts\/44014\/revisions"}],"wp:featuredmedia":[{"embeddable":true,"href":"https:\/\/www.radiopresidenteibanez.cl\/web\/wp-json\/wp\/v2\/media\/44015"}],"wp:attachment":[{"href":"https:\/\/www.radiopresidenteibanez.cl\/web\/wp-json\/wp\/v2\/media?parent=44014"}],"wp:term":[{"taxonomy":"category","embeddable":true,"href":"https:\/\/www.radiopresidenteibanez.cl\/web\/wp-json\/wp\/v2\/categories?post=44014"},{"taxonomy":"post_tag","embeddable":true,"href":"https:\/\/www.radiopresidenteibanez.cl\/web\/wp-json\/wp\/v2\/tags?post=44014"}],"curies":[{"name":"wp","href":"https:\/\/api.w.org\/{rel}","templated":true}]}}