{"id":44011,"date":"2023-11-10T16:55:00","date_gmt":"2023-11-10T19:55:00","guid":{"rendered":"https:\/\/www.radiopresidenteibanez.cl\/web\/?p=44011"},"modified":"2023-11-10T10:49:48","modified_gmt":"2023-11-10T13:49:48","slug":"investigador-de-magallanes-participa-en-principal-conferencia-internacional-sobre-marea-roja-en-japon","status":"publish","type":"post","link":"https:\/\/www.radiopresidenteibanez.cl\/web\/investigador-de-magallanes-participa-en-principal-conferencia-internacional-sobre-marea-roja-en-japon\/","title":{"rendered":"INVESTIGADOR DE MAGALLANES PARTICIPA EN PRINCIPAL CONFERENCIA INTERNACIONAL SOBRE MAREA ROJA EN JAPON"},"content":{"rendered":"\n<p>Del domingo 5 hasta el viernes 10 de noviembre se est\u00e1 realizando la <a href=\"https:\/\/capehorncenter.us17.list-manage.com\/track\/click?u=74d492950e7d7fd2b1b179b83&amp;id=69e311d1c8&amp;e=3d9cc2198a\" target=\"_blank\" rel=\"noreferrer noopener\">Conferencia Internacional de Floraciones de Algas Nocivas (ICHA, por sus siglas en ingl\u00e9s)<\/a> en la ciudad de Hiroshima, Jap\u00f3n. El encuentro, donde participan m\u00e1s de 600 investigadores e investigadoras, es el m\u00e1s<strong> importante a nivel mundial en la materia y cuenta con la presencia del acad\u00e9mico e investigador asociado al <\/strong><a href=\"https:\/\/capehorncenter.us17.list-manage.com\/track\/click?u=74d492950e7d7fd2b1b179b83&amp;id=20401c294d&amp;e=3d9cc2198a\" target=\"_blank\" rel=\"noreferrer noopener\"><strong>CHIC<\/strong><\/a><strong>&#8211;<\/strong><a href=\"https:\/\/capehorncenter.us17.list-manage.com\/track\/click?u=74d492950e7d7fd2b1b179b83&amp;id=513e39cfae&amp;e=3d9cc2198a\" target=\"_blank\" rel=\"noreferrer noopener\"><strong>Universidad de Magallanes<\/strong><\/a><strong>, M\u00e1ximo Frang\u00f3pulos<\/strong>, quien expone sobre estudios realizados en la regi\u00f3n austral.<\/p>\n\n\n\n<p><strong>Las Floraciones de Algas Nocivas (FAN), conocida como \u201cmarea roja\u201d, corresponden a eventos de tipo natural en el que microalgas crecen abundantemente provocando efectos en organismos marinos, que luego al ser consumidos por humanos son perjudiciales para la salud de las personas. Asimismo, por la alta densidad de microalgas afecta la disponibilidad y\/o captaci\u00f3n de ox\u00edgeno, lo que se traduce en mayor tasa de mortalidad en peces y otros organismos por asfixia.<\/strong><\/p>\n\n\n\n<p>El investigador Frang\u00f3pulos se ha dedicado a estudiar los efectos de la \u201cmarea roja\u201d y por eso es uno de los exponentes en la cita en Jap\u00f3n. \u201cLa conferencia es importante por dos razones: una para estar al d\u00eda en cuanto a los avances y conocimientos acerca de la tem\u00e1tica de floraciones de algas nocivas; para saber en qu\u00e9 est\u00e1n los otros pa\u00edses; cu\u00e1l es el estado de la situaci\u00f3n y si han aparecido toxinas nuevas o emergentes. <strong>Y adem\u00e1s porque esta conferencia tiene un plus especial porque nosotros (UMAG y CHIC) seremos los pr\u00f3ximos anfitriones de la conferencia en Punta Arenas, en el a\u00f1o 2025\u201d<\/strong>, explica.<\/p>\n\n\n\n<p><strong>La primera detecci\u00f3n de marea roja en el pa\u00eds ocurri\u00f3 en el a\u00f1o 1972 en la Regi\u00f3n de Magallanes y la Ant\u00e1rtica Chilena<\/strong>, y desde ah\u00ed la tem\u00e1tica FAN se hizo de real relevancia para las autoridades e investigadores. En esa \u00e9poca, se encontr\u00f3 la toxina paralizante (generan par\u00e1lisis muscular en humanos) en el sector de seno Pedro (al sur de la comuna de Punta Arenas), que termin\u00f3 con el fallecimiento de tres pescadores artesanales. Desde este hecho, que <strong>la regi\u00f3n austral es una importante voz en el estudio de la marea roja, lo que ser\u00e1 expuesto en esta conferencia, seg\u00fan el acad\u00e9mico.<\/strong><\/p>\n\n\n\n<p>\u201cNo estamos ajenos a este fen\u00f3meno de incremento de las FAN que es mundial, y aqu\u00ed en Magallanes tambi\u00e9n est\u00e1n apareciendo toxinas emergentes como la detecci\u00f3n de la reciente pinatoxinas, que son un grupo de toxinas lipof\u00edlicas (sustancias producidas por especies marinas durante la marea roja). Entonces, tenemos que seguir mostrando lo que est\u00e1 ocurriendo en esta parte del planeta, porque ya sabemos que este es un laboratorio natural aqu\u00ed en el sur, y es como un bar\u00f3metro de los cambios que est\u00e1n aconteciendo en el mundo a consecuencia del calentamiento global\u201d, se\u00f1al\u00f3 Frang\u00f3pulos.<\/p>\n\n\n\n<p>A esta conferencia, tambi\u00e9n asiste Vanessa Monge, investigadora encargada del laboratorio de marea roja del CHIC.<\/p>\n","protected":false},"excerpt":{"rendered":"<p>Del domingo 5 hasta el viernes 10 de noviembre se est\u00e1 realizando la Conferencia Internacional de Floraciones de Algas Nocivas (ICHA, por sus siglas en ingl\u00e9s) en la ciudad de&#8230; <a class=\"read-more\" href=\"https:\/\/www.radiopresidenteibanez.cl\/web\/investigador-de-magallanes-participa-en-principal-conferencia-internacional-sobre-marea-roja-en-japon\/\">Leer m\u00e1s<\/a><\/p>\n","protected":false},"author":2,"featured_media":44012,"comment_status":"closed","ping_status":"closed","sticky":false,"template":"","format":"standard","meta":{"footnotes":""},"categories":[1],"tags":[],"class_list":["post-44011","post","type-post","status-publish","format-standard","has-post-thumbnail","hentry","category-cronica"],"_links":{"self":[{"href":"https:\/\/www.radiopresidenteibanez.cl\/web\/wp-json\/wp\/v2\/posts\/44011","targetHints":{"allow":["GET"]}}],"collection":[{"href":"https:\/\/www.radiopresidenteibanez.cl\/web\/wp-json\/wp\/v2\/posts"}],"about":[{"href":"https:\/\/www.radiopresidenteibanez.cl\/web\/wp-json\/wp\/v2\/types\/post"}],"author":[{"embeddable":true,"href":"https:\/\/www.radiopresidenteibanez.cl\/web\/wp-json\/wp\/v2\/users\/2"}],"replies":[{"embeddable":true,"href":"https:\/\/www.radiopresidenteibanez.cl\/web\/wp-json\/wp\/v2\/comments?post=44011"}],"version-history":[{"count":0,"href":"https:\/\/www.radiopresidenteibanez.cl\/web\/wp-json\/wp\/v2\/posts\/44011\/revisions"}],"wp:featuredmedia":[{"embeddable":true,"href":"https:\/\/www.radiopresidenteibanez.cl\/web\/wp-json\/wp\/v2\/media\/44012"}],"wp:attachment":[{"href":"https:\/\/www.radiopresidenteibanez.cl\/web\/wp-json\/wp\/v2\/media?parent=44011"}],"wp:term":[{"taxonomy":"category","embeddable":true,"href":"https:\/\/www.radiopresidenteibanez.cl\/web\/wp-json\/wp\/v2\/categories?post=44011"},{"taxonomy":"post_tag","embeddable":true,"href":"https:\/\/www.radiopresidenteibanez.cl\/web\/wp-json\/wp\/v2\/tags?post=44011"}],"curies":[{"name":"wp","href":"https:\/\/api.w.org\/{rel}","templated":true}]}}