{"id":44008,"date":"2023-11-10T15:42:00","date_gmt":"2023-11-10T18:42:00","guid":{"rendered":"https:\/\/www.radiopresidenteibanez.cl\/web\/?p=44008"},"modified":"2023-11-10T10:44:38","modified_gmt":"2023-11-10T13:44:38","slug":"consejero-regional-de-tierra-del-fuego-rodolfo-cardenas-pide-presencia-permanente-de-conaf-en-la-isla","status":"publish","type":"post","link":"https:\/\/www.radiopresidenteibanez.cl\/web\/consejero-regional-de-tierra-del-fuego-rodolfo-cardenas-pide-presencia-permanente-de-conaf-en-la-isla\/","title":{"rendered":"CONSEJERO REGIONAL DE TIERRA DEL FUEGO RODOLFO CARDENAS PIDE PRESENCIA PERMANENTE DE CONAF EN LA ISLA"},"content":{"rendered":"\n<p>Coincidentemente con el incendio forestal que este jueves se decret\u00f3 en la Provincia de Tierra del Fuego, espec\u00edficamente en el sector de Estancia Las Mercedes, el consejero regional fueguino, Rodolfo C\u00e1rdenas Alvarado, insisti\u00f3 en la necesidad imperativa de contar con presencia permanente de una brigada de emergencia de Conaf en la isla.<\/p>\n\n\n\n<p>\u201cLas condiciones clim\u00e1ticas, el aislamiento del extenso territorio fueguino hacen imperante avanzar con esta necesidad, ya que la presencia de este organismo de emergencia en Tierra del Fuego es fundamental, ya que hoy s\u00f3lo se cuenta con 2 brigadas de temporada de verano y el apoyo de la brigada del Ej\u00e9rcito\u201d, coment\u00f3 el representante territorial.<\/p>\n\n\n\n<p>Subray\u00f3 que esto no es un tema que se aborde s\u00f3lo frente a emergencias como la que hoy afecta a fauna nativa, sino que se ha manifestado por los habitantes en distintas instancias, ahora por ejemplo, en la mesa de trabajo realizada en la Comuna de Timaukel.<\/p>\n\n\n\n<p>&nbsp;Inst\u00f3 C\u00e1rdenas a las autoridades a unir voluntades para tomar acciones concretas institucionales que entreguen la posibilidad de tener una mejor y m\u00e1s r\u00e1pida reacci\u00f3n y poder proteger de mejor manera los bosques y vegetaci\u00f3n end\u00e9mica de Tierra del Fuego.<\/p>\n","protected":false},"excerpt":{"rendered":"<p>Coincidentemente con el incendio forestal que este jueves se decret\u00f3 en la Provincia de Tierra del Fuego, espec\u00edficamente en el sector de Estancia Las Mercedes, el consejero regional fueguino, Rodolfo&#8230; <a class=\"read-more\" href=\"https:\/\/www.radiopresidenteibanez.cl\/web\/consejero-regional-de-tierra-del-fuego-rodolfo-cardenas-pide-presencia-permanente-de-conaf-en-la-isla\/\">Leer m\u00e1s<\/a><\/p>\n","protected":false},"author":2,"featured_media":44009,"comment_status":"closed","ping_status":"closed","sticky":false,"template":"","format":"standard","meta":{"footnotes":""},"categories":[1],"tags":[],"class_list":["post-44008","post","type-post","status-publish","format-standard","has-post-thumbnail","hentry","category-cronica"],"_links":{"self":[{"href":"https:\/\/www.radiopresidenteibanez.cl\/web\/wp-json\/wp\/v2\/posts\/44008","targetHints":{"allow":["GET"]}}],"collection":[{"href":"https:\/\/www.radiopresidenteibanez.cl\/web\/wp-json\/wp\/v2\/posts"}],"about":[{"href":"https:\/\/www.radiopresidenteibanez.cl\/web\/wp-json\/wp\/v2\/types\/post"}],"author":[{"embeddable":true,"href":"https:\/\/www.radiopresidenteibanez.cl\/web\/wp-json\/wp\/v2\/users\/2"}],"replies":[{"embeddable":true,"href":"https:\/\/www.radiopresidenteibanez.cl\/web\/wp-json\/wp\/v2\/comments?post=44008"}],"version-history":[{"count":0,"href":"https:\/\/www.radiopresidenteibanez.cl\/web\/wp-json\/wp\/v2\/posts\/44008\/revisions"}],"wp:featuredmedia":[{"embeddable":true,"href":"https:\/\/www.radiopresidenteibanez.cl\/web\/wp-json\/wp\/v2\/media\/44009"}],"wp:attachment":[{"href":"https:\/\/www.radiopresidenteibanez.cl\/web\/wp-json\/wp\/v2\/media?parent=44008"}],"wp:term":[{"taxonomy":"category","embeddable":true,"href":"https:\/\/www.radiopresidenteibanez.cl\/web\/wp-json\/wp\/v2\/categories?post=44008"},{"taxonomy":"post_tag","embeddable":true,"href":"https:\/\/www.radiopresidenteibanez.cl\/web\/wp-json\/wp\/v2\/tags?post=44008"}],"curies":[{"name":"wp","href":"https:\/\/api.w.org\/{rel}","templated":true}]}}