{"id":440,"date":"2019-01-14T17:22:06","date_gmt":"2019-01-14T17:22:06","guid":{"rendered":"http:\/\/www.radiopresidenteibanez.cl\/web\/?p=440"},"modified":"2019-01-14T17:22:18","modified_gmt":"2019-01-14T17:22:18","slug":"dirigente-sindical-manifesto-rechazo-a-las-malas-practicas-que-esta-utilizando-mina-invierno","status":"publish","type":"post","link":"https:\/\/www.radiopresidenteibanez.cl\/web\/dirigente-sindical-manifesto-rechazo-a-las-malas-practicas-que-esta-utilizando-mina-invierno\/","title":{"rendered":"DIRIGENTE SINDICAL MANIFEST\u00d3 RECHAZO A LAS MALAS PR\u00c1CTICAS QUE EST\u00c1 UTILIZANDO MINA INVIERNO"},"content":{"rendered":"\n<p>Yo Iv\u00e1n B\u00f3rquez\nAlvarado Dirigente sindical quiero manifestar mi mas en\u00e9rgico rechazo a las\nmalas pr\u00e1cticas que est\u00e1 utilizando &nbsp;la\nempresa&nbsp; MINA INVIERNO, maliciosamente\nquiera confundir a la opini\u00f3n p\u00fablica y a los trabajadores de tres sindicatos\nque a\u00fan se encuentran en negociaci\u00f3n colectiva, ya que &nbsp;en algunos &nbsp;medios de comunicaci\u00f3n radio y prensa escrita se\npublic\u00f3 que llegaron a acuerdo dos sindicatos que se encontraban en negociaci\u00f3n\ncolectiva.<\/p>\n\n\n\n<p>Quisiera aclarar\nque los sindicatos Portuaria Otway, Psm 1 y Sindicato San Lorenzo, Aun no\nllegamos a ning\u00fan acuerdo, adem\u00e1s de recordar que la votaci\u00f3n a huelga ser\u00e1 el d\u00eda\n14 y 15 de enero de 2019 con ministro de fe de la inspecci\u00f3n del trabajo,&nbsp; y responsablemente&nbsp; como dirigente sindical puedo decir que las\nbase rechazaran la propuesta de la empresa ya que vemos que mina invierno miente\np\u00fablicamente y utiliza a dirigentes sindicales para debilitar a los\ntrabajadores que a\u00fan no terminan su proceso de negociaci\u00f3n colectiva.<\/p>\n\n\n\n<p>Si la condici\u00f3n\npara&nbsp; obtener una buena negociaci\u00f3n\ncolectiva es viajar a Valdivia y apoyarlos en el tribunal ambiental en&nbsp; el proceso de tronaduras no estoy dispuesto a\nhacerlo. <\/p>\n\n\n\n<p>Felicito a los dos\nde cinco sindicatos que nos encontramos en negociaci\u00f3n por haber firmado y\nhaber obtenido cero beneficios nuevos.<\/p>\n","protected":false},"excerpt":{"rendered":"<p>Yo Iv\u00e1n B\u00f3rquez Alvarado Dirigente sindical quiero manifestar mi mas en\u00e9rgico rechazo a las malas pr\u00e1cticas que est\u00e1 utilizando &nbsp;la empresa&nbsp; MINA INVIERNO, maliciosamente quiera confundir a la opini\u00f3n p\u00fablica&#8230; <a class=\"read-more\" href=\"https:\/\/www.radiopresidenteibanez.cl\/web\/dirigente-sindical-manifesto-rechazo-a-las-malas-practicas-que-esta-utilizando-mina-invierno\/\">Leer m\u00e1s<\/a><\/p>\n","protected":false},"author":2,"featured_media":391,"comment_status":"closed","ping_status":"closed","sticky":false,"template":"","format":"standard","meta":{"footnotes":""},"categories":[1],"tags":[],"class_list":["post-440","post","type-post","status-publish","format-standard","has-post-thumbnail","hentry","category-cronica"],"_links":{"self":[{"href":"https:\/\/www.radiopresidenteibanez.cl\/web\/wp-json\/wp\/v2\/posts\/440","targetHints":{"allow":["GET"]}}],"collection":[{"href":"https:\/\/www.radiopresidenteibanez.cl\/web\/wp-json\/wp\/v2\/posts"}],"about":[{"href":"https:\/\/www.radiopresidenteibanez.cl\/web\/wp-json\/wp\/v2\/types\/post"}],"author":[{"embeddable":true,"href":"https:\/\/www.radiopresidenteibanez.cl\/web\/wp-json\/wp\/v2\/users\/2"}],"replies":[{"embeddable":true,"href":"https:\/\/www.radiopresidenteibanez.cl\/web\/wp-json\/wp\/v2\/comments?post=440"}],"version-history":[{"count":0,"href":"https:\/\/www.radiopresidenteibanez.cl\/web\/wp-json\/wp\/v2\/posts\/440\/revisions"}],"wp:featuredmedia":[{"embeddable":true,"href":"https:\/\/www.radiopresidenteibanez.cl\/web\/wp-json\/wp\/v2\/media\/391"}],"wp:attachment":[{"href":"https:\/\/www.radiopresidenteibanez.cl\/web\/wp-json\/wp\/v2\/media?parent=440"}],"wp:term":[{"taxonomy":"category","embeddable":true,"href":"https:\/\/www.radiopresidenteibanez.cl\/web\/wp-json\/wp\/v2\/categories?post=440"},{"taxonomy":"post_tag","embeddable":true,"href":"https:\/\/www.radiopresidenteibanez.cl\/web\/wp-json\/wp\/v2\/tags?post=440"}],"curies":[{"name":"wp","href":"https:\/\/api.w.org\/{rel}","templated":true}]}}