{"id":43999,"date":"2023-11-10T11:37:00","date_gmt":"2023-11-10T14:37:00","guid":{"rendered":"https:\/\/www.radiopresidenteibanez.cl\/web\/?p=43999"},"modified":"2023-11-10T08:48:29","modified_gmt":"2023-11-10T11:48:29","slug":"posiciones-encontradas-entre-parlamentarios-por-el-traspaso-a-slep","status":"publish","type":"post","link":"https:\/\/www.radiopresidenteibanez.cl\/web\/posiciones-encontradas-entre-parlamentarios-por-el-traspaso-a-slep\/","title":{"rendered":"POSICIONES ENCONTRADAS ENTRE PARLAMENTARIOS POR EL TRASPASO A SLEP"},"content":{"rendered":"\n<p>En s\u00f3lo unas semanas se traspasar\u00e1n los jardines, escuelas y liceos p\u00fablicos de la regi\u00f3n al nuevo Servicio Local de Educaci\u00f3n P\u00fablica, proceso que no ha estado exento de pol\u00e9micas, sobre todo considerando el extenso paro en Atacama por falta de gesti\u00f3n y problemas de infraestructura. Dicha movilizaci\u00f3n ha generado repercusiones en Magallanes, en especial en la comuna de Puerto Natales, donde los asistentes de la educaci\u00f3n se han manifestado en contra de esta transferencia.<\/p>\n\n\n\n<p>En el marco de la discusi\u00f3n presupuestaria en el Congreso, el tema se hizo presente. Mientras algunos parlamentarios sostienen que el traspaso debiera posponerse para m\u00e1s adelante, otros prefieren que se realice para terminar con los problemas de la educaci\u00f3n municipal.<\/p>\n\n\n\n<p>Al respecto, la diputada Javiera Morales se\u00f1al\u00f3 que <strong>\u201c<\/strong>en Magallanes, los asistentes de la educaci\u00f3n de Natales se est\u00e1n movilizando \u00bfPor qu\u00e9? Porque a\u00fan cuando se trate de&nbsp; una comuna que a\u00fan no ha sido traspasada al SLEP, y que va a ser transferida el pr\u00f3ximo a\u00f1o, tiene el temor leg\u00edtimo de que lo que sucedi\u00f3 en Atacama, o lo que ha sucedido en Punta Arenas con la dificultad de pagar los sueldos, se repita\u201d.<\/p>\n\n\n\n<p>Por ello, indic\u00f3 que es importante entregar tranquilidad a los docentes, profesionales y asistentes de la educaci\u00f3n de que van a tener sus sueldos cada fin de mes, situaci\u00f3n que el sistema municipal no les ha garantizado.<\/p>\n\n\n\n<p>La diputada concluy\u00f3 que el camino que se debe transitar es avanzar en la instalaci\u00f3n, pero asegurando los fondos para pagar la educaci\u00f3n p\u00fablica, en conjunto con realizar todas las modificaciones correspondientes para que los SLEP funcionen correctamente no s\u00f3lo en Magallanes, sino en todo Chile.<\/p>\n\n\n\n<p><em>\u201c<\/em>Tenemos un problema con la forma en que financiamos los Servicios Locales, tenemos problemas con la infraestructura, tenemos problemas con las transferencias. Nadie podr\u00eda negar eso, y lo que me alegra es que hoy tenemos un Gobierno comprometido a avanzar en las reformas que se requieren para mejorar estos problemas\u201d, finaliz\u00f3.<\/p>\n","protected":false},"excerpt":{"rendered":"<p>En s\u00f3lo unas semanas se traspasar\u00e1n los jardines, escuelas y liceos p\u00fablicos de la regi\u00f3n al nuevo Servicio Local de Educaci\u00f3n P\u00fablica, proceso que no ha estado exento de pol\u00e9micas,&#8230; <a class=\"read-more\" href=\"https:\/\/www.radiopresidenteibanez.cl\/web\/posiciones-encontradas-entre-parlamentarios-por-el-traspaso-a-slep\/\">Leer m\u00e1s<\/a><\/p>\n","protected":false},"author":2,"featured_media":44000,"comment_status":"closed","ping_status":"closed","sticky":false,"template":"","format":"standard","meta":{"footnotes":""},"categories":[1],"tags":[],"class_list":["post-43999","post","type-post","status-publish","format-standard","has-post-thumbnail","hentry","category-cronica"],"_links":{"self":[{"href":"https:\/\/www.radiopresidenteibanez.cl\/web\/wp-json\/wp\/v2\/posts\/43999","targetHints":{"allow":["GET"]}}],"collection":[{"href":"https:\/\/www.radiopresidenteibanez.cl\/web\/wp-json\/wp\/v2\/posts"}],"about":[{"href":"https:\/\/www.radiopresidenteibanez.cl\/web\/wp-json\/wp\/v2\/types\/post"}],"author":[{"embeddable":true,"href":"https:\/\/www.radiopresidenteibanez.cl\/web\/wp-json\/wp\/v2\/users\/2"}],"replies":[{"embeddable":true,"href":"https:\/\/www.radiopresidenteibanez.cl\/web\/wp-json\/wp\/v2\/comments?post=43999"}],"version-history":[{"count":0,"href":"https:\/\/www.radiopresidenteibanez.cl\/web\/wp-json\/wp\/v2\/posts\/43999\/revisions"}],"wp:featuredmedia":[{"embeddable":true,"href":"https:\/\/www.radiopresidenteibanez.cl\/web\/wp-json\/wp\/v2\/media\/44000"}],"wp:attachment":[{"href":"https:\/\/www.radiopresidenteibanez.cl\/web\/wp-json\/wp\/v2\/media?parent=43999"}],"wp:term":[{"taxonomy":"category","embeddable":true,"href":"https:\/\/www.radiopresidenteibanez.cl\/web\/wp-json\/wp\/v2\/categories?post=43999"},{"taxonomy":"post_tag","embeddable":true,"href":"https:\/\/www.radiopresidenteibanez.cl\/web\/wp-json\/wp\/v2\/tags?post=43999"}],"curies":[{"name":"wp","href":"https:\/\/api.w.org\/{rel}","templated":true}]}}