{"id":43968,"date":"2023-11-09T11:48:00","date_gmt":"2023-11-09T14:48:00","guid":{"rendered":"https:\/\/www.radiopresidenteibanez.cl\/web\/?p=43968"},"modified":"2023-11-09T09:57:12","modified_gmt":"2023-11-09T12:57:12","slug":"sec-magallanes-capacita-a-funcionarios-de-colegios-particulares-y-subvencionados-en-uso-seguro-del-gas","status":"publish","type":"post","link":"https:\/\/www.radiopresidenteibanez.cl\/web\/sec-magallanes-capacita-a-funcionarios-de-colegios-particulares-y-subvencionados-en-uso-seguro-del-gas\/","title":{"rendered":"SEC MAGALLANES CAPACITA A FUNCIONARIOS DE COLEGIOS PARTICULARES Y SUBVENCIONADOS EN USO SEGURO DEL GAS"},"content":{"rendered":"\n<p>Con la finalidad de prevenir eventuales situaciones de riesgo que puedan afectar a la comunidad educativa, la Direcci\u00f3n Regional de Magallanes de la Superintendencia de Electricidad y Combustibles, SEC, junto a la Direcci\u00f3n Regional de la Superintendencia de Educaci\u00f3n, realizaron una charla de seguridad y del proceso de certificaci\u00f3n e inspecci\u00f3n peri\u00f3dica de las instalaciones interiores de gas de los colegios particulares y particulares subvencionados de la regi\u00f3n.<\/p>\n\n\n\n<p>La actividad -que se realiz\u00f3 en la ciudad de Punta Arenas- fue encabezada por el Director Regional (s) de SEC Magallanes, Iv\u00e1n Mansilla, y el Director Regional (s) de la Superintendencia de Educaci\u00f3n, Ignacio Gallardo.<\/p>\n\n\n\n<p>El Director Regional (s) de SEC Magallanes, Iv\u00e1n Mansilla, explic\u00f3 que \u201cesta charla, organizada junto con la Direcci\u00f3n Regional de la Superintendencia de Educaci\u00f3n, fue una jornada muy fruct\u00edfera, porque fue una instancia que nos permiti\u00f3 capacitar a los funcionarios de los establecimientos educacionales, tanto subvencionados como particulares, sobre el uso seguro del gas a fin de reducir los posibles riesgos y garantizar la seguridad de la comunidad educativa\u201d.<\/p>\n\n\n\n<p>Y agreg\u00f3 que \u201cen esta jornada recalcamos la importancia de contar con el SELLO VERDE OK en estos colegios, porque permite establecer que las instalaciones interiores de gas cumplen con la normativa vigente para un uso seguro. Adem\u00e1s, recordamos que para obtener o revalidar este Sello, es necesario ejecutar la Inspecci\u00f3n Peri\u00f3dica de las instalaciones, proceso efectuado por un Organismo de Certificaci\u00f3n Externo, autorizado por la SEC\u201d.<\/p>\n\n\n\n<p>Adem\u00e1s, recalc\u00f3 que, \u201cen caso de necesitar efectuar alg\u00fan cambio o reparaci\u00f3n en las redes de gas, los trabajos deben ser efectuados por instaladores autorizados por la SEC\u201d.<\/p>\n\n\n\n<p><strong>C\u00d3MO OBTENER EL SELLO VERDE OK<\/strong><\/p>\n\n\n\n<p>En el sitio web&nbsp;<a href=\"http:\/\/www.sec.cl\/sello-verde-ok\/\" target=\"_blank\" rel=\"noreferrer noopener\">www.sec.cl\/sello-verde-ok\/<\/a>, las personas pueden, de forma r\u00e1pida, iniciar el proceso para certificar sus instalaciones de gas. Tras llenar un formulario, una Entidad de Certificaci\u00f3n externa, autorizada por la SEC, se contactar\u00e1 con \u00e9l o la interesada para seguir el proceso.<\/p>\n\n\n\n<p>Luego de la inspecci\u00f3n, es posible que se obtenga uno de los tres sellos: el Verde, que es el que certifica que las instalaciones de gas son seguras; el Amarillo, que indica que \u00e9stas presentan deficiencias serias que deben ser reparadas en el corto plazo; o el Rojo, que da cuenta de instalaciones potencialmente peligrosas. En estos dos \u00faltimos casos, se debe gestionar la reparaci\u00f3n en las redes por alg\u00fan instalador autorizado por la SEC.<\/p>\n\n\n\n<p>Por \u00faltimo, la invitaci\u00f3n es a seguir la cuenta oficial de la SEC en Instagram (@sec_chile), donde la ciudadan\u00eda podr\u00e1 acceder a informaci\u00f3n \u00fatil y consejos de seguridad para el uso de los energ\u00e9ticos, la que se suma a nuestros perfiles disponibles en Twitter (@SEC_cl) y Facebook, como Superintendencia SEC.<\/p>\n","protected":false},"excerpt":{"rendered":"<p>Con la finalidad de prevenir eventuales situaciones de riesgo que puedan afectar a la comunidad educativa, la Direcci\u00f3n Regional de Magallanes de la Superintendencia de Electricidad y Combustibles, SEC, junto&#8230; <a class=\"read-more\" href=\"https:\/\/www.radiopresidenteibanez.cl\/web\/sec-magallanes-capacita-a-funcionarios-de-colegios-particulares-y-subvencionados-en-uso-seguro-del-gas\/\">Leer m\u00e1s<\/a><\/p>\n","protected":false},"author":2,"featured_media":43969,"comment_status":"closed","ping_status":"closed","sticky":false,"template":"","format":"standard","meta":{"footnotes":""},"categories":[1],"tags":[],"class_list":["post-43968","post","type-post","status-publish","format-standard","has-post-thumbnail","hentry","category-cronica"],"_links":{"self":[{"href":"https:\/\/www.radiopresidenteibanez.cl\/web\/wp-json\/wp\/v2\/posts\/43968","targetHints":{"allow":["GET"]}}],"collection":[{"href":"https:\/\/www.radiopresidenteibanez.cl\/web\/wp-json\/wp\/v2\/posts"}],"about":[{"href":"https:\/\/www.radiopresidenteibanez.cl\/web\/wp-json\/wp\/v2\/types\/post"}],"author":[{"embeddable":true,"href":"https:\/\/www.radiopresidenteibanez.cl\/web\/wp-json\/wp\/v2\/users\/2"}],"replies":[{"embeddable":true,"href":"https:\/\/www.radiopresidenteibanez.cl\/web\/wp-json\/wp\/v2\/comments?post=43968"}],"version-history":[{"count":0,"href":"https:\/\/www.radiopresidenteibanez.cl\/web\/wp-json\/wp\/v2\/posts\/43968\/revisions"}],"wp:featuredmedia":[{"embeddable":true,"href":"https:\/\/www.radiopresidenteibanez.cl\/web\/wp-json\/wp\/v2\/media\/43969"}],"wp:attachment":[{"href":"https:\/\/www.radiopresidenteibanez.cl\/web\/wp-json\/wp\/v2\/media?parent=43968"}],"wp:term":[{"taxonomy":"category","embeddable":true,"href":"https:\/\/www.radiopresidenteibanez.cl\/web\/wp-json\/wp\/v2\/categories?post=43968"},{"taxonomy":"post_tag","embeddable":true,"href":"https:\/\/www.radiopresidenteibanez.cl\/web\/wp-json\/wp\/v2\/tags?post=43968"}],"curies":[{"name":"wp","href":"https:\/\/api.w.org\/{rel}","templated":true}]}}