{"id":43962,"date":"2023-11-09T09:34:00","date_gmt":"2023-11-09T12:34:00","guid":{"rendered":"https:\/\/www.radiopresidenteibanez.cl\/web\/?p=43962"},"modified":"2023-11-09T08:25:45","modified_gmt":"2023-11-09T11:25:45","slug":"minvu-conmemora-dia-mundial-del-urbanismo-con-visita-guiada-en-proyecto-de-mejoramiento-urbano-en-costanera-de-punta-arenas","status":"publish","type":"post","link":"https:\/\/www.radiopresidenteibanez.cl\/web\/minvu-conmemora-dia-mundial-del-urbanismo-con-visita-guiada-en-proyecto-de-mejoramiento-urbano-en-costanera-de-punta-arenas\/","title":{"rendered":"MINVU CONMEMORA DIA MUNDIAL DEL URBANISMO CON VISITA GUIADA EN PROYECTO DE MEJORAMIENTO URBANO EN COSTANERA DE PUNTA ARENAS"},"content":{"rendered":"\n<figure class=\"wp-block-table\"><table><tbody><tr><td>Una visita t\u00e9cnica y guiada al proyecto Mejoramiento Est\u00e1ndar Urbano Costanera del Estrecho de Punta Arenas, realizaron arquitectas, arquitectos e inspectores t\u00e9cnicos de obras a estudiantes de las carreras de Ingenier\u00eda en Construcci\u00f3n y Arquitectura de la Universidad de Magallanes, en conmemoraci\u00f3n del D\u00eda Mundial del Urbanismo y como parte de la programaci\u00f3n del Mes de las Ciudades Justas.&nbsp;La actividad, se inici\u00f3 en Costanera frente a calle Club H\u00edpico, donde se invit\u00f3 a las y los estudiantes a cruzar el paso peatonal existente con los ojos vendados y usando una silla de ruedas. Desde ese punto, el grupo efectu\u00f3 un recorrido por toda la ruta accesible, que busc\u00f3 relevar el trabajo urbano, que se realiza desde el dise\u00f1o de un proyecto, hasta la forma en que se ejecuta en terreno, y que, en este caso, aborda como tema principal, la habilitaci\u00f3n de la accesibilidad universal a escala vecinal y de ciudad.&nbsp;Durante el recorrido, el Seremi de Vivienda y Urbanismo Marco Uribe Saldivia explic\u00f3 que \u201cen esta celebraci\u00f3n del D\u00eda Mundial del Urbanismo, a trav\u00e9s de nuestro Plan de Ciudades Justas, estamos muy contentos de generar este recorrido por la costanera, por obras que son de nuestra cartera y que se vienen realizando en diferentes etapas desde el 2019. Aqu\u00ed hemos avanzado en recuperar un espacio para la comunidad completa y no solamente en el borde costero, sino que tambi\u00e9n en el borde poniente, otorgando seguridad e implementaci\u00f3n urbana a lugares que no estaban siendo bien utilizados\u201d.&nbsp;Mientras, el director regional (s) de SERVIU, Omar Gonz\u00e1lez Asenjo destac\u00f3 que el desarrollo de este proyecto en avenida Costanera, realizado en tres etapas, \u201ctiene dos focos: el primero es recuperar espacios p\u00fablicos, a trav\u00e9s de juegos para ni\u00f1os, intervenci\u00f3n de las aceras, de las luminarias para dar mayor seguridad a los vecinos y el segundo, es la accesibilidad universal. Es decir, cumplir con el est\u00e1ndar que establece la Ley para poder generar que todas las personas puedan transitar de forma segura y de forma inclusiva por la ciudad. Para eso hoy d\u00eda se gener\u00f3 esta actividad, en la que quisimos traer a alumnos de la Universidad de Magallanes, para que vivan la experiencia de una persona que no tiene todos sus sentidos. Por ejemplo, de personas ciegas que transitan por estos espacios y hacerlos sentir esa experiencia para que puedan replicarlo, conversarlo con sus compa\u00f1eros y aplicarlo pr\u00f3ximamente o en el futuro cuando sean profesionales\u201d.&nbsp;A su vez, el estudiante de segundo a\u00f1o de Arquitectura de la Umag, Luis Harambour, manifest\u00f3 que \u201ces s\u00faper importante y muy valorable, no s\u00f3lo para los arquitectos, tambi\u00e9n para los ingenieros y todos los que nos dedicamos a la construcci\u00f3n, pensar en el urbanismo, porque uno piensa en la Costanera como una avenida, un eje para el tr\u00e1nsito vehicular, pero tan importante como eso, son los espacios para los deportes, para las actividades, donde nos movemos. Y este recorrido nos ha permitido entender que hay pavimentos especiales, hay se\u00f1al\u00e9ticas, hay una funci\u00f3n mucho m\u00e1s grande, que tiene que estar adaptada para que todos puedan usarla. Vimos en los parques para los ni\u00f1os, los pavimentos antigolpes, la altura de los juegos, todas esas situaciones son cosas muy importantes que nos sirven much\u00edsimo para poder crear mejor ciudad\u201d.&nbsp;La actividad se enmarca tambi\u00e9n en el Mes de la Ciudades Justas que promueve el Ministerio de Vivienda y Urbanismo, al ser uno de sus ejes estrat\u00e9gicos de acci\u00f3n, a fin de planificar ciudades de manera adecuada, integral y colectiva, que promuevan las oportunidades para la integraci\u00f3n social y urbana; reconozcan y faciliten el cuidado de las personas en los barrios y territorios; y est\u00e9n co construidas de manera democr\u00e1tica y participativa con las comunidades.Actualmente, se construye el tercer tramo del proyecto Mejoramiento Estandar Urbano Costanera del Estrecho, entre las calles Manantiales y Cha\u00f1arcillo, con una inversi\u00f3n del MINVU de mil millones de pesos, enfocada en la recuperaci\u00f3n de espacios verdes con obras de paisajismo, habilitaci\u00f3n de ruta accesible, zona de juegos infantiles y la instalaci\u00f3n de luminarias ornamentales en toda la extensi\u00f3n del tramo mencionado.<\/td><\/tr><\/tbody><\/table><\/figure>\n","protected":false},"excerpt":{"rendered":"<p>Una visita t\u00e9cnica y guiada al proyecto Mejoramiento Est\u00e1ndar Urbano Costanera del Estrecho de Punta Arenas, realizaron arquitectas, arquitectos e inspectores t\u00e9cnicos de obras a estudiantes de las carreras de&#8230; <a class=\"read-more\" href=\"https:\/\/www.radiopresidenteibanez.cl\/web\/minvu-conmemora-dia-mundial-del-urbanismo-con-visita-guiada-en-proyecto-de-mejoramiento-urbano-en-costanera-de-punta-arenas\/\">Leer m\u00e1s<\/a><\/p>\n","protected":false},"author":2,"featured_media":43963,"comment_status":"closed","ping_status":"closed","sticky":false,"template":"","format":"standard","meta":{"footnotes":""},"categories":[1],"tags":[],"class_list":["post-43962","post","type-post","status-publish","format-standard","has-post-thumbnail","hentry","category-cronica"],"_links":{"self":[{"href":"https:\/\/www.radiopresidenteibanez.cl\/web\/wp-json\/wp\/v2\/posts\/43962","targetHints":{"allow":["GET"]}}],"collection":[{"href":"https:\/\/www.radiopresidenteibanez.cl\/web\/wp-json\/wp\/v2\/posts"}],"about":[{"href":"https:\/\/www.radiopresidenteibanez.cl\/web\/wp-json\/wp\/v2\/types\/post"}],"author":[{"embeddable":true,"href":"https:\/\/www.radiopresidenteibanez.cl\/web\/wp-json\/wp\/v2\/users\/2"}],"replies":[{"embeddable":true,"href":"https:\/\/www.radiopresidenteibanez.cl\/web\/wp-json\/wp\/v2\/comments?post=43962"}],"version-history":[{"count":0,"href":"https:\/\/www.radiopresidenteibanez.cl\/web\/wp-json\/wp\/v2\/posts\/43962\/revisions"}],"wp:featuredmedia":[{"embeddable":true,"href":"https:\/\/www.radiopresidenteibanez.cl\/web\/wp-json\/wp\/v2\/media\/43963"}],"wp:attachment":[{"href":"https:\/\/www.radiopresidenteibanez.cl\/web\/wp-json\/wp\/v2\/media?parent=43962"}],"wp:term":[{"taxonomy":"category","embeddable":true,"href":"https:\/\/www.radiopresidenteibanez.cl\/web\/wp-json\/wp\/v2\/categories?post=43962"},{"taxonomy":"post_tag","embeddable":true,"href":"https:\/\/www.radiopresidenteibanez.cl\/web\/wp-json\/wp\/v2\/tags?post=43962"}],"curies":[{"name":"wp","href":"https:\/\/api.w.org\/{rel}","templated":true}]}}