{"id":43947,"date":"2023-11-08T14:09:00","date_gmt":"2023-11-08T17:09:00","guid":{"rendered":"https:\/\/www.radiopresidenteibanez.cl\/web\/?p=43947"},"modified":"2023-11-08T11:12:27","modified_gmt":"2023-11-08T14:12:27","slug":"inach-y-slep-magallanes-firman-convenio-para-incorporar-la-tematica-antartica-en-el-curriculum-escolar","status":"publish","type":"post","link":"https:\/\/www.radiopresidenteibanez.cl\/web\/inach-y-slep-magallanes-firman-convenio-para-incorporar-la-tematica-antartica-en-el-curriculum-escolar\/","title":{"rendered":"INACH y SLEP MAGALLANES FIRMAN CONVENIO PARA INCORPORAR LA TEMATICA ANTARTICA EN EL CURRICULUM ESCOLAR"},"content":{"rendered":"\n<p>Enmarcado en las celebraciones del D\u00eda de la Ant\u00e1rtica Chilena, el Instituto Ant\u00e1rtico Chileno (INACH) y el Servicio Local de Educaci\u00f3n P\u00fablica de Magallanes (SLEP Magallanes) firmaron hoy un convenio para fortalecer e incorporar la tem\u00e1tica ant\u00e1rtica en los establecimientos educacionales p\u00fablicos de Magallanes.<\/p>\n\n\n\n<p>Este acuerdo tiene como principal objetivo facilitar el trabajo conjunto para el fortalecimiento de la educaci\u00f3n p\u00fablica en la regi\u00f3n, promoviendo la calidad, la pertinencia territorial y biocultural de los contenidos educativos, as\u00ed como el trabajo por una mayor la presencia de las tem\u00e1ticas ant\u00e1rticas, procurando su incorporaci\u00f3n en el curr\u00edculum a trav\u00e9s de la transferencia de contenidos.<\/p>\n\n\n\n<p>El director del INACH, Dr. Marcelo Leppe, se\u00f1al\u00f3 que \u201cesto viene a fortalecer la l\u00ednea educativa que mantiene el INACH.&nbsp;Hace 20 a\u00f1os se cre\u00f3 la Feria Ant\u00e1rtica Escolar, que ha permitido que m\u00e1s de 4.500 estudiantes abran una ventana al saber polar y al trabajo colaborativo a trav\u00e9s de la ciencia. La firma de este convenio con el Servicio Local de Educaci\u00f3n P\u00fablica de Magallanes nos ayudar\u00e1 a seguir sembrando en los m\u00e1s j\u00f3venes la importancia de la Ant\u00e1rtica para nuestro pa\u00eds y las futuras generaciones\u201d.<\/p>\n\n\n\n<p>Del mismo modo, ambas instituciones procurar\u00e1n la generaci\u00f3n de publicaciones conjuntas, organizaci\u00f3n de eventos y la ejecuci\u00f3n de proyectos de investigaci\u00f3n, la divulgaci\u00f3n cient\u00edfica de relevancia para la regi\u00f3n y el pa\u00eds, y el desarrollo de acciones para el fortalecimiento de la valoraci\u00f3n de la ciencia ant\u00e1rtica en los establecimientos de la regi\u00f3n.<\/p>\n\n\n\n<p>Con ello se busca que docentes y estudiantes de los establecimientos de la regi\u00f3n tengan acceso a contenidos de primer nivel y a la vinculaci\u00f3n con cient\u00edficos y cient\u00edficas ant\u00e1rticas, que puedan transmitirles desde la experiencia y la teor\u00eda la relevancia de este territorio fundamental para nuestra regi\u00f3n por sus vinculaciones hist\u00f3ricas, geogr\u00e1ficas, clim\u00e1ticas y culturales.<\/p>\n\n\n\n<p>El INACH es un organismo t\u00e9cnico del Ministerio de Relaciones Exteriores con plena autonom\u00eda en todo lo relacionado con asuntos ant\u00e1rticos de car\u00e1cter cient\u00edfico, tecnol\u00f3gico y de difusi\u00f3n. El INACH cumple con la Pol\u00edtica Ant\u00e1rtica Nacional incentivando el desarrollo de la investigaci\u00f3n de excelencia, participando efectivamente en el Sistema del Tratado Ant\u00e1rtico y foros relacionados, fortaleciendo a Magallanes como puerta de entrada al Continente Blanco y realizando acciones de divulgaci\u00f3n del conocimiento ant\u00e1rtico en la ciudadan\u00eda.<\/p>\n","protected":false},"excerpt":{"rendered":"<p>Enmarcado en las celebraciones del D\u00eda de la Ant\u00e1rtica Chilena, el Instituto Ant\u00e1rtico Chileno (INACH) y el Servicio Local de Educaci\u00f3n P\u00fablica de Magallanes (SLEP Magallanes) firmaron hoy un convenio&#8230; <a class=\"read-more\" href=\"https:\/\/www.radiopresidenteibanez.cl\/web\/inach-y-slep-magallanes-firman-convenio-para-incorporar-la-tematica-antartica-en-el-curriculum-escolar\/\">Leer m\u00e1s<\/a><\/p>\n","protected":false},"author":2,"featured_media":43948,"comment_status":"closed","ping_status":"closed","sticky":false,"template":"","format":"standard","meta":{"footnotes":""},"categories":[1],"tags":[],"class_list":["post-43947","post","type-post","status-publish","format-standard","has-post-thumbnail","hentry","category-cronica"],"_links":{"self":[{"href":"https:\/\/www.radiopresidenteibanez.cl\/web\/wp-json\/wp\/v2\/posts\/43947","targetHints":{"allow":["GET"]}}],"collection":[{"href":"https:\/\/www.radiopresidenteibanez.cl\/web\/wp-json\/wp\/v2\/posts"}],"about":[{"href":"https:\/\/www.radiopresidenteibanez.cl\/web\/wp-json\/wp\/v2\/types\/post"}],"author":[{"embeddable":true,"href":"https:\/\/www.radiopresidenteibanez.cl\/web\/wp-json\/wp\/v2\/users\/2"}],"replies":[{"embeddable":true,"href":"https:\/\/www.radiopresidenteibanez.cl\/web\/wp-json\/wp\/v2\/comments?post=43947"}],"version-history":[{"count":0,"href":"https:\/\/www.radiopresidenteibanez.cl\/web\/wp-json\/wp\/v2\/posts\/43947\/revisions"}],"wp:featuredmedia":[{"embeddable":true,"href":"https:\/\/www.radiopresidenteibanez.cl\/web\/wp-json\/wp\/v2\/media\/43948"}],"wp:attachment":[{"href":"https:\/\/www.radiopresidenteibanez.cl\/web\/wp-json\/wp\/v2\/media?parent=43947"}],"wp:term":[{"taxonomy":"category","embeddable":true,"href":"https:\/\/www.radiopresidenteibanez.cl\/web\/wp-json\/wp\/v2\/categories?post=43947"},{"taxonomy":"post_tag","embeddable":true,"href":"https:\/\/www.radiopresidenteibanez.cl\/web\/wp-json\/wp\/v2\/tags?post=43947"}],"curies":[{"name":"wp","href":"https:\/\/api.w.org\/{rel}","templated":true}]}}