{"id":43943,"date":"2023-11-08T12:25:00","date_gmt":"2023-11-08T15:25:00","guid":{"rendered":"https:\/\/www.radiopresidenteibanez.cl\/web\/?p=43943"},"modified":"2023-11-08T10:21:08","modified_gmt":"2023-11-08T13:21:08","slug":"carabineros-y-seremi-del-trabajo-realizan-operativo-nocturno-para-prevenir-trata-de-personas","status":"publish","type":"post","link":"https:\/\/www.radiopresidenteibanez.cl\/web\/carabineros-y-seremi-del-trabajo-realizan-operativo-nocturno-para-prevenir-trata-de-personas\/","title":{"rendered":"CARABINEROS Y SEREMI DEL TRABAJO REALIZAN OPERATIVO NOCTURNO PARA PREVENIR TRATA DE PERSONAS"},"content":{"rendered":"\n<p>Dando cumplimiento al compromiso de Carabineros de Chile con la prevenci\u00f3n, la seguridad y el bienestar de la regi\u00f3n de Magallanes, es que en coordinaci\u00f3n con las autoridades locales, se est\u00e1n desarrollando intensos operativos, principalmente en fines de semana, a diversos locales nocturnos de la comuna de Punta Arenas, con el fin de velar por el cumplimiento de las normas de funcionamiento y crear conciencia respecto a la problem\u00e1tica relacionada con el delito de Trata de Personas.<\/p>\n\n\n\n<p>Es con este fin, que personal de la Secci\u00f3n Regional de Derechos Humanos y Protecci\u00f3n de la Familia de la Zona de Carabineros Magallanes y de la Secretar\u00eda Regional Ministerial del Trabajo y Previsi\u00f3n Social se unieron para realizar estos operativos nocturnos, demostrando que el trabajo en conjunto permite tener una m\u00e9trica m\u00e1s acabada de las condiciones en las que funcionan los locales nocturnos de la comuna.<\/p>\n\n\n\n<p>Ha sido tal el impacto de estos operativos nocturnos, que en una de las jornadas, se logr\u00f3 la detenci\u00f3n de una persona que ten\u00eda una orden de detenci\u00f3n pendiente.<\/p>\n\n\n\n<p>El Jefe de la Secci\u00f3n Regional de DD.HH. de Carabineros, el Capit\u00e1n de Justicia Juan Pablo Gatica Pe\u00f1a agreg\u00f3: \u201cHemos realizado ya dos rondas operativas, junto con la SEREMI del Trabajo, fiscalizando los principales locales nocturnos de la zona c\u00e9ntrica de Punta Arenas, con la finalidad de evitar la trata de personas y el comercio sexual de menores de edad. Adem\u00e1s, se aprovecha la instancia para fiscalizar las patentes de alcoholes, revisando que cumplan con la ordenanza municipal. En cada jornada, la SEREMI aprovecha de exponer materias relacionadas a los deberes y derechos de los trabajadores, con el fin de que se respeten sus jornadas y horarios, ya que al haber gran parte de extranjeros, desconocen del tema\u201d.<\/p>\n\n\n\n<p>\u00abcomo equipo de la SEREMI del Trabajo, en conjunto con Carabineros de Chile, llevamos a cabo recorridos de car\u00e1cter preventivo, en el marco de la Mesa regional Intersectorial de Trata de Personas y de las actividades que estamos realizando en la subcomisi\u00f3n de Fiscalizaci\u00f3n Preventiva de la Mesa, de la que formamos parte. La importancia de esta labor intersectorial que estamos desarrollando, es poder prevenir situaciones de vulneraci\u00f3n de derechos, como es la trata de personas, en nuestra regi\u00f3n, a trav\u00e9s de un protocolo para prevenir y sancionar este flagelo, especialmente, en mujeres, ni\u00f1as y ni\u00f1os, dado que Chile es considerado un pa\u00eds de tr\u00e1nsito y especialmente de destino de v\u00edctimas de trata de personas. De ah\u00ed la alta relevancia de este operativo y del trabajo que seguiremos realizando en este \u00e1mbito\u00bb. Se\u00f1al\u00f3 la Seremi del Trabajo y Previsi\u00f3n Social de la regi\u00f3n de Magallanes, Doris Sandoval Miranda.<\/p>\n","protected":false},"excerpt":{"rendered":"<p>Dando cumplimiento al compromiso de Carabineros de Chile con la prevenci\u00f3n, la seguridad y el bienestar de la regi\u00f3n de Magallanes, es que en coordinaci\u00f3n con las autoridades locales, se&#8230; <a class=\"read-more\" href=\"https:\/\/www.radiopresidenteibanez.cl\/web\/carabineros-y-seremi-del-trabajo-realizan-operativo-nocturno-para-prevenir-trata-de-personas\/\">Leer m\u00e1s<\/a><\/p>\n","protected":false},"author":2,"featured_media":43945,"comment_status":"closed","ping_status":"closed","sticky":false,"template":"","format":"standard","meta":{"footnotes":""},"categories":[1],"tags":[],"class_list":["post-43943","post","type-post","status-publish","format-standard","has-post-thumbnail","hentry","category-cronica"],"_links":{"self":[{"href":"https:\/\/www.radiopresidenteibanez.cl\/web\/wp-json\/wp\/v2\/posts\/43943","targetHints":{"allow":["GET"]}}],"collection":[{"href":"https:\/\/www.radiopresidenteibanez.cl\/web\/wp-json\/wp\/v2\/posts"}],"about":[{"href":"https:\/\/www.radiopresidenteibanez.cl\/web\/wp-json\/wp\/v2\/types\/post"}],"author":[{"embeddable":true,"href":"https:\/\/www.radiopresidenteibanez.cl\/web\/wp-json\/wp\/v2\/users\/2"}],"replies":[{"embeddable":true,"href":"https:\/\/www.radiopresidenteibanez.cl\/web\/wp-json\/wp\/v2\/comments?post=43943"}],"version-history":[{"count":0,"href":"https:\/\/www.radiopresidenteibanez.cl\/web\/wp-json\/wp\/v2\/posts\/43943\/revisions"}],"wp:featuredmedia":[{"embeddable":true,"href":"https:\/\/www.radiopresidenteibanez.cl\/web\/wp-json\/wp\/v2\/media\/43945"}],"wp:attachment":[{"href":"https:\/\/www.radiopresidenteibanez.cl\/web\/wp-json\/wp\/v2\/media?parent=43943"}],"wp:term":[{"taxonomy":"category","embeddable":true,"href":"https:\/\/www.radiopresidenteibanez.cl\/web\/wp-json\/wp\/v2\/categories?post=43943"},{"taxonomy":"post_tag","embeddable":true,"href":"https:\/\/www.radiopresidenteibanez.cl\/web\/wp-json\/wp\/v2\/tags?post=43943"}],"curies":[{"name":"wp","href":"https:\/\/api.w.org\/{rel}","templated":true}]}}