{"id":43924,"date":"2023-11-07T18:57:00","date_gmt":"2023-11-07T21:57:00","guid":{"rendered":"https:\/\/www.radiopresidenteibanez.cl\/web\/?p=43924"},"modified":"2023-11-07T15:13:16","modified_gmt":"2023-11-07T18:13:16","slug":"invitan-a-las-familias-magallanicas-a-reciclar-plasticos-pet-1-en-zona-austral","status":"publish","type":"post","link":"https:\/\/www.radiopresidenteibanez.cl\/web\/invitan-a-las-familias-magallanicas-a-reciclar-plasticos-pet-1-en-zona-austral\/","title":{"rendered":"INVITAN A LAS FAMILIAS MAGALL\u00c1NICAS A RECICLAR PL\u00c1STICOS PET 1 EN ZONA AUSTRAL"},"content":{"rendered":"\n<p>Las botellas pl\u00e1sticas pueden tener nuevas vidas. Ese es el mensaje de la tarea que impulsa CCU a trav\u00e9s de la marca Bilz y Pap, Telet\u00f3n y la Seremi del Medio Ambiente, con el apoyo de Zona Austral, Grupo Revival y la Ilustre Municipalidad de Punta Arenas.<\/p>\n\n\n\n<p>Daniela Droguett, Seremi del Medio Ambiente de la regi\u00f3n de Magallanes y de la Ant\u00e1rtica Chilena, expres\u00f3 que \u00abestamos muy felices de sumarnos al Desaf\u00edo Telet\u00f3n, junto a CCU y otras instituciones locales para reunir pl\u00e1sticos PET 1, los que estaremos recibiendo en el punto verde que estar\u00e1 en Zona Austral hasta el 11 de noviembre. Estas acciones de Econom\u00eda Circular nos permiten colaborar con la Telet\u00f3n y, adem\u00e1s, gestionar nuestros residuos de una mejor manera, con el fin de darle nuevos usos a estos materiales\u00bb.<\/p>\n\n\n\n<p>La campa\u00f1a ha logrado gestionar m\u00e1s de 400 toneladas de botellas pl\u00e1sticas, destacando el compromiso de las nuevas generaciones. Felipe Covarrubias, Gerente General de Cervecer\u00eda Austral y representante de CCU en Magallanes indic\u00f3 que \u201cinvitamos a todas las familias magall\u00e1nicas a que nos acompa\u00f1en en esta campa\u00f1a y reciclen sus botellas pl\u00e1sticas PET 1 en el Punto Verde de Zona Austral\u201d.<\/p>\n\n\n\n<p>Por su parte, Harold Tapia, Gerente de Operaciones de Grupo Revival explic\u00f3 que \u201cnosotros manejamos la parte operativa del Punto Verde y estaremos hasta las 20:00 horas del s\u00e1bado 11 de noviembre recibiendo botellas pl\u00e1sticas de cualquier marca, el \u00fanico requisito que sea PET 1, simbolog\u00eda que pueden encontrar en los envases. La novedad de este a\u00f1o, es que estos residuos ser\u00e1n gestionados en nuestra misma regi\u00f3n y transform\u00e1ndose en panderetas y otros materiales de la construcci\u00f3n, un tremendo hito para la valorizaci\u00f3n de los residuos\u201d.<\/p>\n\n\n\n<p>La tarea de reciclaje estar\u00e1 activa hasta el 11 de noviembre y cuenta con m\u00e1s 500 puntos de acopio a lo largo de todo Chile. En Magallanes, el Punto Verde se encuentra ubicado en el ingreso principal del M\u00f3dulo Central de Zona Austral y se esperan recolectar m\u00e1s de 100 kilos de botellas PET 1.<\/p>\n","protected":false},"excerpt":{"rendered":"<p>Las botellas pl\u00e1sticas pueden tener nuevas vidas. Ese es el mensaje de la tarea que impulsa CCU a trav\u00e9s de la marca Bilz y Pap, Telet\u00f3n y la Seremi del&#8230; <a class=\"read-more\" href=\"https:\/\/www.radiopresidenteibanez.cl\/web\/invitan-a-las-familias-magallanicas-a-reciclar-plasticos-pet-1-en-zona-austral\/\">Leer m\u00e1s<\/a><\/p>\n","protected":false},"author":2,"featured_media":43925,"comment_status":"closed","ping_status":"closed","sticky":false,"template":"","format":"standard","meta":{"footnotes":""},"categories":[1],"tags":[],"class_list":["post-43924","post","type-post","status-publish","format-standard","has-post-thumbnail","hentry","category-cronica"],"_links":{"self":[{"href":"https:\/\/www.radiopresidenteibanez.cl\/web\/wp-json\/wp\/v2\/posts\/43924","targetHints":{"allow":["GET"]}}],"collection":[{"href":"https:\/\/www.radiopresidenteibanez.cl\/web\/wp-json\/wp\/v2\/posts"}],"about":[{"href":"https:\/\/www.radiopresidenteibanez.cl\/web\/wp-json\/wp\/v2\/types\/post"}],"author":[{"embeddable":true,"href":"https:\/\/www.radiopresidenteibanez.cl\/web\/wp-json\/wp\/v2\/users\/2"}],"replies":[{"embeddable":true,"href":"https:\/\/www.radiopresidenteibanez.cl\/web\/wp-json\/wp\/v2\/comments?post=43924"}],"version-history":[{"count":0,"href":"https:\/\/www.radiopresidenteibanez.cl\/web\/wp-json\/wp\/v2\/posts\/43924\/revisions"}],"wp:featuredmedia":[{"embeddable":true,"href":"https:\/\/www.radiopresidenteibanez.cl\/web\/wp-json\/wp\/v2\/media\/43925"}],"wp:attachment":[{"href":"https:\/\/www.radiopresidenteibanez.cl\/web\/wp-json\/wp\/v2\/media?parent=43924"}],"wp:term":[{"taxonomy":"category","embeddable":true,"href":"https:\/\/www.radiopresidenteibanez.cl\/web\/wp-json\/wp\/v2\/categories?post=43924"},{"taxonomy":"post_tag","embeddable":true,"href":"https:\/\/www.radiopresidenteibanez.cl\/web\/wp-json\/wp\/v2\/tags?post=43924"}],"curies":[{"name":"wp","href":"https:\/\/api.w.org\/{rel}","templated":true}]}}