{"id":4392,"date":"2019-05-19T14:56:56","date_gmt":"2019-05-19T14:56:56","guid":{"rendered":"http:\/\/www.radiopresidenteibanez.cl\/web\/?p=4392"},"modified":"2019-05-19T14:57:10","modified_gmt":"2019-05-19T14:57:10","slug":"jovenes-mayores-de-14-anos-podrian-votar-en-las-elecciones-municipales-y-los-mayores-de-16-en-las-de-parlamentarios-gobernadores-y-presidenciales","status":"publish","type":"post","link":"https:\/\/www.radiopresidenteibanez.cl\/web\/jovenes-mayores-de-14-anos-podrian-votar-en-las-elecciones-municipales-y-los-mayores-de-16-en-las-de-parlamentarios-gobernadores-y-presidenciales\/","title":{"rendered":"J\u00d3VENES MAYORES DE 14 A\u00d1OS PODR\u00cdAN VOTAR EN LAS ELECCIONES MUNICIPALES Y LOS MAYORES DE 16 EN LAS DE PARLAMENTARIOS, GOBERNADORES Y PRESIDENCIALES"},"content":{"rendered":"\n<p><strong>El control de identidad a menores de edad presentado por el actual gobierno, reflot\u00f3 una iniciativa presentada en el 2012 en el Senado. Se trata del proyecto que rebaja la edad para ser ciudadano y otorga el derecho a sufragio en elecciones municipales a quienes hayan cumplido 14 a\u00f1os de edad, y en las generales de parlamentarios y Presidencia a los de 16<\/strong>, se\u00f1ala el peri\u00f3dico La Naci\u00f3n el d\u00eda de hoy.<\/p>\n\n\n\n<p>La moci\u00f3n de autor\u00eda de los senadores Alejandro Navarro y Jaime Quintana, adem\u00e1s del ex congresista Eugenio Tuma, comenz\u00f3 a ser analizada al interior de la Comisi\u00f3n de Derechos Humanos, Nacionalidad y Ciudadan\u00eda.<\/p>\n\n\n\n<p>De hecho en su \u00faltima sesi\u00f3n, los legisladores escucharon a la subdirectora de Registros del Servel, Elizabeth Cabrera; al abogado constitucionalista de la Universidad Diego Portales, Javier Couso, y al analista de la Biblioteca del Congreso Nacional (BCN), Mat\u00edas Lopehand\u00eda.<\/p>\n\n\n\n<p>Tras la cita, el presidente de la comisi\u00f3n,&nbsp;<strong>el senador Alejandro Navarro, explic\u00f3 que \u201cse busca salvar una contradicci\u00f3n vital, porque los menores entre 14 y 18 a\u00f1os son imputables, pero no tiene los derechos que tienen los ciudadanos\u201d.&nbsp;<\/strong><\/p>\n\n\n\n<p><strong>\u201cLo que queremos con este proyecto es que en las elecciones municipales puedan votar los chicos que tienen 14 a\u00f1os, y a los 16 a\u00f1os puedan hacerlo en las elecciones generales como en otras naciones como Brasil, Uruguay, Argentina, Nicaragua, Cuba, Gran Breta\u00f1a, Francia y Dinamarca\u201d<\/strong>, a\u00f1adi\u00f3.<\/p>\n\n\n\n<p>Coment\u00f3 que&nbsp;<strong>\u201cla idea es que vayan siendo part\u00edcipes de su entorno, su barrio, sus vecinos, sus amigos, de manera que perciban c\u00f3mo las pol\u00edticas municipales s\u00ed les afectan. Se trata de las decisiones b\u00e1sicas que influyen en su entorno inmediato. Si tienen la posibilidad de votar su alcalde se sentir\u00e1n con el derecho de exigirle. Siempre ser\u00e1 algo voluntario, pero as\u00ed se hace al ciudadano\u201d.&nbsp;<\/strong><\/p>\n\n\n\n<p>El congresista reconoci\u00f3 que esta propuesta ya est\u00e1 vigente en el caso de las elecciones de las juntas de vecinos donde pueden votar menores de edad.<strong>&nbsp;\u201cLa valorizaci\u00f3n de los j\u00f3venes va de la mano con reconocer que son personas que mientras m\u00e1s pronto los incorporemos al mundo de los derechos, al de elegir, estar\u00e1n m\u00e1s conscientes de la importancia de la pol\u00edtica pr\u00e1ctica\u201d<\/strong>, hizo ver.<\/p>\n\n\n\n<p>En tanto, la senadora Adriana Mu\u00f1oz fue de la misma opini\u00f3n, asegurando que \u201cdado el desarrollo que tienen hoy d\u00eda nuestros adolescentes est\u00e1n en condiciones de dirimir y votar en las elecciones municipales\u201d.<\/p>\n\n\n\n<p>\u201cComo los mayores de 14 a\u00f1os votan en las juntas de vecinos, ya hay un referente que puede utilizarse. Sabemos que este no es el \u00fanico mecanismo de contribuci\u00f3n y participaci\u00f3n democr\u00e1tica, pero queremos poner \u00e9nfasis en el voto como tal\u201d, enfatiz\u00f3.<\/p>\n\n\n\n<p>Fuente: La Naci\u00f3n.<\/p>\n\n\n\n<figure class=\"wp-block-image\"><img loading=\"lazy\" decoding=\"async\" width=\"1010\" height=\"673\" src=\"https:\/\/www.radiopresidenteibanez.cl\/web\/wp-content\/uploads\/2019\/05\/Aton_329428-696x464.jpg\" alt=\"\" class=\"wp-image-4393\" srcset=\"https:\/\/www.radiopresidenteibanez.cl\/web\/wp-content\/uploads\/2019\/05\/Aton_329428-696x464.jpg 1010w, https:\/\/www.radiopresidenteibanez.cl\/web\/wp-content\/uploads\/2019\/05\/Aton_329428-696x464-300x200.jpg 300w, https:\/\/www.radiopresidenteibanez.cl\/web\/wp-content\/uploads\/2019\/05\/Aton_329428-696x464-768x512.jpg 768w\" sizes=\"auto, (max-width: 1010px) 100vw, 1010px\" \/><\/figure>\n","protected":false},"excerpt":{"rendered":"<p>El control de identidad a menores de edad presentado por el actual gobierno, reflot\u00f3 una iniciativa presentada en el 2012 en el Senado. Se trata del proyecto que rebaja la&#8230; <a class=\"read-more\" href=\"https:\/\/www.radiopresidenteibanez.cl\/web\/jovenes-mayores-de-14-anos-podrian-votar-en-las-elecciones-municipales-y-los-mayores-de-16-en-las-de-parlamentarios-gobernadores-y-presidenciales\/\">Leer m\u00e1s<\/a><\/p>\n","protected":false},"author":2,"featured_media":4393,"comment_status":"closed","ping_status":"closed","sticky":false,"template":"","format":"standard","meta":{"footnotes":""},"categories":[1],"tags":[],"class_list":["post-4392","post","type-post","status-publish","format-standard","has-post-thumbnail","hentry","category-cronica"],"_links":{"self":[{"href":"https:\/\/www.radiopresidenteibanez.cl\/web\/wp-json\/wp\/v2\/posts\/4392","targetHints":{"allow":["GET"]}}],"collection":[{"href":"https:\/\/www.radiopresidenteibanez.cl\/web\/wp-json\/wp\/v2\/posts"}],"about":[{"href":"https:\/\/www.radiopresidenteibanez.cl\/web\/wp-json\/wp\/v2\/types\/post"}],"author":[{"embeddable":true,"href":"https:\/\/www.radiopresidenteibanez.cl\/web\/wp-json\/wp\/v2\/users\/2"}],"replies":[{"embeddable":true,"href":"https:\/\/www.radiopresidenteibanez.cl\/web\/wp-json\/wp\/v2\/comments?post=4392"}],"version-history":[{"count":0,"href":"https:\/\/www.radiopresidenteibanez.cl\/web\/wp-json\/wp\/v2\/posts\/4392\/revisions"}],"wp:featuredmedia":[{"embeddable":true,"href":"https:\/\/www.radiopresidenteibanez.cl\/web\/wp-json\/wp\/v2\/media\/4393"}],"wp:attachment":[{"href":"https:\/\/www.radiopresidenteibanez.cl\/web\/wp-json\/wp\/v2\/media?parent=4392"}],"wp:term":[{"taxonomy":"category","embeddable":true,"href":"https:\/\/www.radiopresidenteibanez.cl\/web\/wp-json\/wp\/v2\/categories?post=4392"},{"taxonomy":"post_tag","embeddable":true,"href":"https:\/\/www.radiopresidenteibanez.cl\/web\/wp-json\/wp\/v2\/tags?post=4392"}],"curies":[{"name":"wp","href":"https:\/\/api.w.org\/{rel}","templated":true}]}}