{"id":43918,"date":"2023-11-07T15:17:00","date_gmt":"2023-11-07T18:17:00","guid":{"rendered":"https:\/\/www.radiopresidenteibanez.cl\/web\/?p=43918"},"modified":"2023-11-07T11:51:23","modified_gmt":"2023-11-07T14:51:23","slug":"seremi-de-justicia-y-umag-promueven-defensade-los-derechos-humanos-a-traves-de-curso-online","status":"publish","type":"post","link":"https:\/\/www.radiopresidenteibanez.cl\/web\/seremi-de-justicia-y-umag-promueven-defensade-los-derechos-humanos-a-traves-de-curso-online\/","title":{"rendered":"SEREMI DE JUSTICIA Y UMAG: PROMUEVEN DEFENSADE LOS DERECHOS HUMANOS A TRAV\u00c9S DE CURSO ONLINE"},"content":{"rendered":"\n<p>A 50 a\u00f1os del Golpe C\u00edvico Militar de 1973, aquel hist\u00f3rico trance marcado por m\u00faltiples<br>violaciones a los Derechos Humanos, con m\u00e1s de 40 mil v\u00edctimas de torturas, asesinatos y<br>desapariciones, es un reflejo latente del relevante papel de funcionarios p\u00fablicos. Los mismos que,<br>siendo agentes del Estado, pueden efectivamente vulnerar derechos humanos de las personas,<br>algo que se produce mucho m\u00e1s cotidianamente de lo que creemos, y a trav\u00e9s de m\u00faltiples<br>maneras.<br>Este es uno de los aspectos que abord\u00f3 ayer lunes el lanzamiento regional del Curso \u201cVerdad y<br>Justicia: Pilares del futuro democr\u00e1tico\u201d, capacitaci\u00f3n online que imparte la Subsecretar\u00eda de<br>Derechos Humanos, previa inscripci\u00f3n en su portal formativo en DD.HH.:<br>https:\/\/formacionddhh.minjusticia.gob.cl\/. Los alcances y contenidos de esta herramienta fueron<br>presentados por la Seremi de Justicia y Derechos Humanos, Michelle Peutat Alvarado, en el<br>Auditorio Ernesto Livacic de la Universidad de Magallanes (UMAG).<br>En virtud de una alianza de trabajo entre la Secretar\u00eda Regional Ministerial de Justicia y DD.HH. y la<br>UMAG, la autoridad invit\u00f3 a la comunidad universitaria a participar de este curso enfocado en la<br>justicia transicional, de 22 horas formativas, con tres m\u00f3dulos con evaluaci\u00f3n y certificaci\u00f3n<br>correspondiente. Resalt\u00f3 que en Magallanes muchos de quienes se forman en la<br>universidad&nbsp;pueden llegar a ser funcionarios p\u00fablicos, y el contar con formaci\u00f3n en DD.HH. es<br>clave para el desarrollo de sus habilidades profesionales.<br>\u201cEste curso es abierto a la comunidad, habla sobre el derecho a la verdad, a la memoria, a la<br>garant\u00eda de no repetici\u00f3n y a la reparaci\u00f3n. Y, por supuesto, una expresi\u00f3n de las garant\u00edas de no<br>repetici\u00f3n tiene que ver con la educaci\u00f3n y promoci\u00f3n en materia de Derechos Humanos, ese es el<br>compromiso de la Subsecretar\u00eda de DD.HH.\u201d, agreg\u00f3.<br>Nicol Ahern, Jefa de la Unidad de DD.HH., Inclusi\u00f3n y Ciudadan\u00eda de la UMAG, resalt\u00f3 su<br>compromiso como casa de estudios desde la unidad que lidera y tambi\u00e9n desde las autoridades de<br>la Universidad de poder generar instancias de formaci\u00f3n en materia de Derechos Humanos en<br>todas las \u00e1reas, en todas sus aristas. Tambi\u00e9n con miradas transversales y, por supuesto, con un<\/p>\n\n\n\n<p>enfoque surcado por los 50 a\u00f1os del Golpe C\u00edvico-Militar, \u201cdesde principios tambi\u00e9n de este a\u00f1o<br>nos comprometimos con la Seremi de Justicia a trabajar en forma conjunta en los diversos temas<br>en materia de Derechos Humanos. Y esta instancia en materia de formaci\u00f3n era una actividad que<br>ten\u00edamos pendiente entre la Serem\u00eda y la UMAG, con el fin de generar estrategias de formaci\u00f3n<br>dentro de la Universidad para los estudiantes y la comunidad regional\u201d.<br>En la oportunidad, frente a una concurrencia mayoritariamente conformada por estudiantes de la<br>carrera de derecho, Pablo Chand\u00eda, abogado del Instituto Nacional de Derechos Humanos (INDH),<br>realiz\u00f3 una breve exposici\u00f3n sobre el Decreto Ley de Amnist\u00eda, seguido por el docente Sebasti\u00e1n<br>Ortiz, de la UMAG, quien abord\u00f3 la tem\u00e1tica de Imprescriptibilidad de las acciones penales en<br>causas de violaciones a los DD.HH. Con posterioridad se abrieron a una ronda de preguntas con el<br>estudiantado.<br>A la luz de la importancia que reviste el Estado de Derecho y la democracia para la protecci\u00f3n y<br>garant\u00eda de los derechos humanos, este curso puesto a disposici\u00f3n por la Divisi\u00f3n de Promoci\u00f3n<br>P\u00fablica de la Subsecretar\u00eda de Derechos Humanos, aborda el valor del Estado de Derecho y la<br>democracia, as\u00ed como las consecuencias de su ruptura, con especial foco en las violaciones a los<br>Derechos Humanos ocurridas en el caso chileno. Adem\u00e1s de ser una herramienta educativa que<br>quedar\u00e1 a libre disposici\u00f3n de la ciudadan\u00eda, como una contribuci\u00f3n a las garant\u00edas de no<br>repetici\u00f3n.<\/p>\n","protected":false},"excerpt":{"rendered":"<p>A 50 a\u00f1os del Golpe C\u00edvico Militar de 1973, aquel hist\u00f3rico trance marcado por m\u00faltiplesviolaciones a los Derechos Humanos, con m\u00e1s de 40 mil v\u00edctimas de torturas, asesinatos ydesapariciones, es&#8230; <a class=\"read-more\" href=\"https:\/\/www.radiopresidenteibanez.cl\/web\/seremi-de-justicia-y-umag-promueven-defensade-los-derechos-humanos-a-traves-de-curso-online\/\">Leer m\u00e1s<\/a><\/p>\n","protected":false},"author":2,"featured_media":43919,"comment_status":"closed","ping_status":"closed","sticky":false,"template":"","format":"standard","meta":{"footnotes":""},"categories":[1],"tags":[],"class_list":["post-43918","post","type-post","status-publish","format-standard","has-post-thumbnail","hentry","category-cronica"],"_links":{"self":[{"href":"https:\/\/www.radiopresidenteibanez.cl\/web\/wp-json\/wp\/v2\/posts\/43918","targetHints":{"allow":["GET"]}}],"collection":[{"href":"https:\/\/www.radiopresidenteibanez.cl\/web\/wp-json\/wp\/v2\/posts"}],"about":[{"href":"https:\/\/www.radiopresidenteibanez.cl\/web\/wp-json\/wp\/v2\/types\/post"}],"author":[{"embeddable":true,"href":"https:\/\/www.radiopresidenteibanez.cl\/web\/wp-json\/wp\/v2\/users\/2"}],"replies":[{"embeddable":true,"href":"https:\/\/www.radiopresidenteibanez.cl\/web\/wp-json\/wp\/v2\/comments?post=43918"}],"version-history":[{"count":0,"href":"https:\/\/www.radiopresidenteibanez.cl\/web\/wp-json\/wp\/v2\/posts\/43918\/revisions"}],"wp:featuredmedia":[{"embeddable":true,"href":"https:\/\/www.radiopresidenteibanez.cl\/web\/wp-json\/wp\/v2\/media\/43919"}],"wp:attachment":[{"href":"https:\/\/www.radiopresidenteibanez.cl\/web\/wp-json\/wp\/v2\/media?parent=43918"}],"wp:term":[{"taxonomy":"category","embeddable":true,"href":"https:\/\/www.radiopresidenteibanez.cl\/web\/wp-json\/wp\/v2\/categories?post=43918"},{"taxonomy":"post_tag","embeddable":true,"href":"https:\/\/www.radiopresidenteibanez.cl\/web\/wp-json\/wp\/v2\/tags?post=43918"}],"curies":[{"name":"wp","href":"https:\/\/api.w.org\/{rel}","templated":true}]}}