{"id":43912,"date":"2023-11-07T12:38:00","date_gmt":"2023-11-07T15:38:00","guid":{"rendered":"https:\/\/www.radiopresidenteibanez.cl\/web\/?p=43912"},"modified":"2023-11-07T10:03:10","modified_gmt":"2023-11-07T13:03:10","slug":"exhospital-de-punta-arenas-se-llena-de-luz-con-proyeccion-de-la-historia-de-habitantes-del-barrio-prat","status":"publish","type":"post","link":"https:\/\/www.radiopresidenteibanez.cl\/web\/exhospital-de-punta-arenas-se-llena-de-luz-con-proyeccion-de-la-historia-de-habitantes-del-barrio-prat\/","title":{"rendered":"EXHOSPITAL DE PUNTA ARENAS SE LLENA DE LUZ CON PROYECCION DE LA HISTORIA DE HABITANTES DEL BARRIO PRAT"},"content":{"rendered":"\n<p>Una nueva jornada de \u201cArte en tu Barrio\u201d buscar\u00e1 relevar la memoria de una de las locaciones emblem\u00e1ticas de Punta Arenas.<\/p>\n\n\n\n<p>La Fundaci\u00f3n Cultural Punta Arenas, junto a la Ilustre Municipalidad de Punta Arenas, se complace en anunciar una segunda jornada de Arte en tu Barrio. Para esta ocasi\u00f3n el lugar escogido ser\u00e1 el Barrio Prat, una de las poblaciones tradicionales de la comuna.&nbsp;<\/p>\n\n\n\n<p>La actividad a desarrollar invitar\u00e1 a poner los ojos en uno de los puntos que ayudaron al desarrollo de la ciudad como fue el exhospital regional, el cual funcion\u00f3 activamente en Angamos con Zenteno desde el a\u00f1o 1953, hasta su cierre definitivo en octubre del a\u00f1o 2011.<\/p>\n\n\n\n<p>La agrupaci\u00f3n Ultimaesperanza estar\u00e1 a cargo de llevar a cabo la intervenci\u00f3n de la mano de la junta de vecinos del sector, haciendo un recorrido desde la creaci\u00f3n del barrio hasta la actualidad.<\/p>\n\n\n\n<p>La proyecci\u00f3n tendr\u00e1 lugar el d\u00eda 10 de noviembre a las 22:00 hrs. en las dependencias del exhospital regional de Punta Arenas por calle Condell, entre Zenteno y pasaje Goleta Ancud (sector urgencias).<\/p>\n","protected":false},"excerpt":{"rendered":"<p>Una nueva jornada de \u201cArte en tu Barrio\u201d buscar\u00e1 relevar la memoria de una de las locaciones emblem\u00e1ticas de Punta Arenas. La Fundaci\u00f3n Cultural Punta Arenas, junto a la Ilustre&#8230; <a class=\"read-more\" href=\"https:\/\/www.radiopresidenteibanez.cl\/web\/exhospital-de-punta-arenas-se-llena-de-luz-con-proyeccion-de-la-historia-de-habitantes-del-barrio-prat\/\">Leer m\u00e1s<\/a><\/p>\n","protected":false},"author":2,"featured_media":43913,"comment_status":"closed","ping_status":"closed","sticky":false,"template":"","format":"standard","meta":{"footnotes":""},"categories":[1],"tags":[],"class_list":["post-43912","post","type-post","status-publish","format-standard","has-post-thumbnail","hentry","category-cronica"],"_links":{"self":[{"href":"https:\/\/www.radiopresidenteibanez.cl\/web\/wp-json\/wp\/v2\/posts\/43912","targetHints":{"allow":["GET"]}}],"collection":[{"href":"https:\/\/www.radiopresidenteibanez.cl\/web\/wp-json\/wp\/v2\/posts"}],"about":[{"href":"https:\/\/www.radiopresidenteibanez.cl\/web\/wp-json\/wp\/v2\/types\/post"}],"author":[{"embeddable":true,"href":"https:\/\/www.radiopresidenteibanez.cl\/web\/wp-json\/wp\/v2\/users\/2"}],"replies":[{"embeddable":true,"href":"https:\/\/www.radiopresidenteibanez.cl\/web\/wp-json\/wp\/v2\/comments?post=43912"}],"version-history":[{"count":0,"href":"https:\/\/www.radiopresidenteibanez.cl\/web\/wp-json\/wp\/v2\/posts\/43912\/revisions"}],"wp:featuredmedia":[{"embeddable":true,"href":"https:\/\/www.radiopresidenteibanez.cl\/web\/wp-json\/wp\/v2\/media\/43913"}],"wp:attachment":[{"href":"https:\/\/www.radiopresidenteibanez.cl\/web\/wp-json\/wp\/v2\/media?parent=43912"}],"wp:term":[{"taxonomy":"category","embeddable":true,"href":"https:\/\/www.radiopresidenteibanez.cl\/web\/wp-json\/wp\/v2\/categories?post=43912"},{"taxonomy":"post_tag","embeddable":true,"href":"https:\/\/www.radiopresidenteibanez.cl\/web\/wp-json\/wp\/v2\/tags?post=43912"}],"curies":[{"name":"wp","href":"https:\/\/api.w.org\/{rel}","templated":true}]}}