{"id":4389,"date":"2019-05-19T14:52:06","date_gmt":"2019-05-19T14:52:06","guid":{"rendered":"http:\/\/www.radiopresidenteibanez.cl\/web\/?p=4389"},"modified":"2019-05-19T14:52:56","modified_gmt":"2019-05-19T14:52:56","slug":"senama-invita-a-participar-del-concurso-fotografico-intergeneracional-mi-futuro-mi-vejez","status":"publish","type":"post","link":"https:\/\/www.radiopresidenteibanez.cl\/web\/senama-invita-a-participar-del-concurso-fotografico-intergeneracional-mi-futuro-mi-vejez\/","title":{"rendered":"SENAMA INVITA A PARTICIPAR DEL CONCURSO FOTOGR\u00c1FICO INTERGENERACIONAL \u00abMI FUTURO MI VEJEZ\u00bb."},"content":{"rendered":"\n<p>En junio se\nconmemora el Mes del Buen Trato a las Personas Mayores, por lo que el Servicio\nNacional del Adulto Mayor desarrollar\u00e1 una serie de acciones, estrategias y\nalianzas colaborativas que buscan hacer un llamado a la sociedad para prevenir\nel maltrato,&nbsp; instalar el buen trato a\nlas personas mayores, desde el enfoque de derechos humanos y las relaciones\nintergeneracionales, destacando la autonom\u00eda, independencia, participaci\u00f3n&nbsp; e integraci\u00f3n social de las personas mayores.<\/p>\n\n\n\n<p>Como parte de\nestas acciones, SENAMA lanz\u00f3 el concurso fotogr\u00e1fico intergeneracional&nbsp; \u201cMi futuro mi vejez\u201d. Esta iniciativa invita\na participar a ni\u00f1as, ni\u00f1os, j\u00f3venes, adultos mayores y familias, que busca\npromover una imagen activa de la vejez y el buen trato hacia el adulto mayor, a\ntrav\u00e9s de la creaci\u00f3n fotogr\u00e1fica para reflexionar en torno a cu\u00e1l es nuestra\nvisi\u00f3n acerca del adulto mayor.<\/p>\n\n\n\n<p>La\ncoordinadora regional de Senama, Rebeca Aguilante se\u00f1al\u00f3 que \u201cqueremos crear\nconciencia del trato que tiene el adulto mayor hoy en d\u00eda, por lo que la idea\nes hacer una invitaci\u00f3n a la comunidad, a las familias magall\u00e1nicas para que\nparticipen de este concurso, para crear una conciencia intergeneracional\u201d&nbsp; <\/p>\n\n\n\n<p>Para\nparticipar deben enviar una fotograf\u00eda digital, en formato JPG, con un tama\u00f1o\nm\u00e1ximo de 8 MP. La fotograf\u00eda debe ser original e in\u00e9dita, en blanco y negro o\na color. la cual debe ser enviada al mail <a href=\"mailto:salvarado@senama.gov.cl\">salvarado@senama.gov.cl<\/a>, se\u00f1alando\nnombre, rut, comuna, fono de contacto y t\u00edtulo de la fotograf\u00eda. <\/p>\n\n\n\n<p>El plazo finaliza el 20 de junio. <\/p>\n\n\n\n<figure class=\"wp-block-image\"><img loading=\"lazy\" decoding=\"async\" width=\"604\" height=\"420\" src=\"https:\/\/www.radiopresidenteibanez.cl\/web\/wp-content\/uploads\/2019\/05\/2do_lugar_francesca_jimeno.jpg\" alt=\"\" class=\"wp-image-4390\" srcset=\"https:\/\/www.radiopresidenteibanez.cl\/web\/wp-content\/uploads\/2019\/05\/2do_lugar_francesca_jimeno.jpg 604w, https:\/\/www.radiopresidenteibanez.cl\/web\/wp-content\/uploads\/2019\/05\/2do_lugar_francesca_jimeno-300x209.jpg 300w\" sizes=\"auto, (max-width: 604px) 100vw, 604px\" \/><\/figure>\n","protected":false},"excerpt":{"rendered":"<p>En junio se conmemora el Mes del Buen Trato a las Personas Mayores, por lo que el Servicio Nacional del Adulto Mayor desarrollar\u00e1 una serie de acciones, estrategias y alianzas&#8230; <a class=\"read-more\" href=\"https:\/\/www.radiopresidenteibanez.cl\/web\/senama-invita-a-participar-del-concurso-fotografico-intergeneracional-mi-futuro-mi-vejez\/\">Leer m\u00e1s<\/a><\/p>\n","protected":false},"author":2,"featured_media":4390,"comment_status":"closed","ping_status":"closed","sticky":false,"template":"","format":"standard","meta":{"footnotes":""},"categories":[1],"tags":[],"class_list":["post-4389","post","type-post","status-publish","format-standard","has-post-thumbnail","hentry","category-cronica"],"_links":{"self":[{"href":"https:\/\/www.radiopresidenteibanez.cl\/web\/wp-json\/wp\/v2\/posts\/4389","targetHints":{"allow":["GET"]}}],"collection":[{"href":"https:\/\/www.radiopresidenteibanez.cl\/web\/wp-json\/wp\/v2\/posts"}],"about":[{"href":"https:\/\/www.radiopresidenteibanez.cl\/web\/wp-json\/wp\/v2\/types\/post"}],"author":[{"embeddable":true,"href":"https:\/\/www.radiopresidenteibanez.cl\/web\/wp-json\/wp\/v2\/users\/2"}],"replies":[{"embeddable":true,"href":"https:\/\/www.radiopresidenteibanez.cl\/web\/wp-json\/wp\/v2\/comments?post=4389"}],"version-history":[{"count":0,"href":"https:\/\/www.radiopresidenteibanez.cl\/web\/wp-json\/wp\/v2\/posts\/4389\/revisions"}],"wp:featuredmedia":[{"embeddable":true,"href":"https:\/\/www.radiopresidenteibanez.cl\/web\/wp-json\/wp\/v2\/media\/4390"}],"wp:attachment":[{"href":"https:\/\/www.radiopresidenteibanez.cl\/web\/wp-json\/wp\/v2\/media?parent=4389"}],"wp:term":[{"taxonomy":"category","embeddable":true,"href":"https:\/\/www.radiopresidenteibanez.cl\/web\/wp-json\/wp\/v2\/categories?post=4389"},{"taxonomy":"post_tag","embeddable":true,"href":"https:\/\/www.radiopresidenteibanez.cl\/web\/wp-json\/wp\/v2\/tags?post=4389"}],"curies":[{"name":"wp","href":"https:\/\/api.w.org\/{rel}","templated":true}]}}