{"id":43889,"date":"2023-11-06T15:34:00","date_gmt":"2023-11-06T18:34:00","guid":{"rendered":"https:\/\/www.radiopresidenteibanez.cl\/web\/?p=43889"},"modified":"2023-11-06T14:57:56","modified_gmt":"2023-11-06T17:57:56","slug":"universidad-catolica-apoyara-la-elaboracion-del-plan-nacional-de-adaptacion-al-cambio-climatico-de-recursos-hidricos-que-ejecuta-el-mop","status":"publish","type":"post","link":"https:\/\/www.radiopresidenteibanez.cl\/web\/universidad-catolica-apoyara-la-elaboracion-del-plan-nacional-de-adaptacion-al-cambio-climatico-de-recursos-hidricos-que-ejecuta-el-mop\/","title":{"rendered":"Universidad Cat\u00f3lica apoyar\u00e1 la elaboraci\u00f3n del Plan Nacional de Adaptaci\u00f3n al Cambio Clim\u00e1tico de Recursos H\u00eddricos que ejecuta el MOP"},"content":{"rendered":"\n<p>El Plan Nacional de Adaptaci\u00f3n al Cambio Clim\u00e1tico para el sector de los Recursos H\u00eddricos, liderado por la Direcci\u00f3n General de Aguas (DGA) del MOP, entregar\u00e1 la hoja de ruta sobre las acciones transversales que debe implementar Chile en los pr\u00f3ximos a\u00f1os para adaptarse al cambio clim\u00e1tico en esta \u00e1rea. El instrumento se enmarca en la Ley Marco de Cambio Clim\u00e1tico, y debe establecer acciones y medidas concretas para reducir la vulnerabilidad y aumentar la capacidad de resiliencia del pa\u00eds. &nbsp;&nbsp;<\/p>\n\n\n\n<p>La iniciativa cuenta con financiamiento del Fondo Verde del Clima (FVC) y con la colaboraci\u00f3n de la Organizaci\u00f3n de las Naciones Unidas para la Alimentaci\u00f3n y la Agricultura (FAO).<\/p>\n\n\n\n<p>Para avanzar en su ejecuci\u00f3n, se adjudic\u00f3 a la Pontificia Universidad Cat\u00f3lica de Chile (PUC) el apoyo en la realizaci\u00f3n de la participaci\u00f3n ciudadana temprana que est\u00e1 en ejecuci\u00f3n y que aportar\u00e1 a la evaluaci\u00f3n de vulnerabilidad y riesgo; y la identificaci\u00f3n, priorizaci\u00f3n y estimaci\u00f3n de costos de las medidas para la redacci\u00f3n del anteproyecto. Asimismo, contribuir\u00e1 en el seguimiento a la consulta p\u00fablica previa a la elaboraci\u00f3n del proyecto definitivo y al desarrollo del dise\u00f1o del sistema de monitoreo y evaluaci\u00f3n del Plan. La consultor\u00eda a ejecutar por la PUC a trav\u00e9s del Centro UC de Cambio Global, parti\u00f3 en octubre, se desarrollar\u00e1 por un periodo de 9 meses y contar\u00e1 con la colaboraci\u00f3n de diversas universidades del pa\u00eds con una amplia distribuci\u00f3n territorial. &nbsp;<\/p>\n\n\n\n<p>El director general de Aguas, Rodrigo Sanhueza, reiter\u00f3 la invitaci\u00f3n a la comunidad a la participaci\u00f3n ciudadana temprana en el sitio web de la DGA (https:\/\/snia.mop.gob.cl\/pacc-rh\/inicio), el cual consiste en responder un cuestionario para recopilar opiniones y percepciones sobre la vulnerabilidad frente al cambio clim\u00e1tico y las medidas de adaptaci\u00f3n en el sector de recursos h\u00eddricos. Junto con la posibilidad de adjuntar informaci\u00f3n relevante para la elaboraci\u00f3n del Plan, como aspectos t\u00e9cnicos, cient\u00edficos, ambientales, sociales, econ\u00f3micos, entre otros, que se pueden presentar en formato digital o en formato f\u00edsico en la Oficina de Partes de las Direcciones Regionales de Aguas.<\/p>\n\n\n\n<p>A su vez, la coordinadora FAO del proyecto, Irene Bernaus, resalt\u00f3 el proceso participativo en que apoyar\u00e1 la universidad. \u201cLas instancias participativas son fundamentales, ya que permiten integrar a las voces ciudadanas, a las comunidades ind\u00edgenas y rurales; a los sectores productivos y las y los expertos, en el desaf\u00edo pa\u00eds que representa este primer Plan en el sector de recursos h\u00eddricos; velando por la incorporaci\u00f3n de sus visiones y sugerencias para la definici\u00f3n de las medidas\u201d. Asimismo, destac\u00f3 que la consultor\u00eda contratada generar\u00e1 insumos para la definici\u00f3n de las medidas de adaptaci\u00f3n del proyecto definitivo del Plan, que deber\u00e1 ser aprobado por el Consejo de Ministros\/as para la Sustentabilidad de Cambio Clim\u00e1tico. &nbsp;&nbsp;<\/p>\n\n\n\n<p>Los talleres virtuales y presenciales se realizar\u00e1n a nivel nacional y macrozonal, con el prop\u00f3sito de convocar a actores claves que operan en los distintos territorios que se vinculan con el agua y el cambio clim\u00e1tico, para a trav\u00e9s de estos procesos de participaci\u00f3n reconocer y levantar las problem\u00e1ticas, construir y aportar con ideas y posibles soluciones en torno al cambio clim\u00e1tico en el sector de los recursos h\u00eddricos. &nbsp;<\/p>\n","protected":false},"excerpt":{"rendered":"<p>El Plan Nacional de Adaptaci\u00f3n al Cambio Clim\u00e1tico para el sector de los Recursos H\u00eddricos, liderado por la Direcci\u00f3n General de Aguas (DGA) del MOP, entregar\u00e1 la hoja de ruta&#8230; <a class=\"read-more\" href=\"https:\/\/www.radiopresidenteibanez.cl\/web\/universidad-catolica-apoyara-la-elaboracion-del-plan-nacional-de-adaptacion-al-cambio-climatico-de-recursos-hidricos-que-ejecuta-el-mop\/\">Leer m\u00e1s<\/a><\/p>\n","protected":false},"author":2,"featured_media":43890,"comment_status":"closed","ping_status":"closed","sticky":false,"template":"","format":"standard","meta":{"footnotes":""},"categories":[1],"tags":[],"class_list":["post-43889","post","type-post","status-publish","format-standard","has-post-thumbnail","hentry","category-cronica"],"_links":{"self":[{"href":"https:\/\/www.radiopresidenteibanez.cl\/web\/wp-json\/wp\/v2\/posts\/43889","targetHints":{"allow":["GET"]}}],"collection":[{"href":"https:\/\/www.radiopresidenteibanez.cl\/web\/wp-json\/wp\/v2\/posts"}],"about":[{"href":"https:\/\/www.radiopresidenteibanez.cl\/web\/wp-json\/wp\/v2\/types\/post"}],"author":[{"embeddable":true,"href":"https:\/\/www.radiopresidenteibanez.cl\/web\/wp-json\/wp\/v2\/users\/2"}],"replies":[{"embeddable":true,"href":"https:\/\/www.radiopresidenteibanez.cl\/web\/wp-json\/wp\/v2\/comments?post=43889"}],"version-history":[{"count":0,"href":"https:\/\/www.radiopresidenteibanez.cl\/web\/wp-json\/wp\/v2\/posts\/43889\/revisions"}],"wp:featuredmedia":[{"embeddable":true,"href":"https:\/\/www.radiopresidenteibanez.cl\/web\/wp-json\/wp\/v2\/media\/43890"}],"wp:attachment":[{"href":"https:\/\/www.radiopresidenteibanez.cl\/web\/wp-json\/wp\/v2\/media?parent=43889"}],"wp:term":[{"taxonomy":"category","embeddable":true,"href":"https:\/\/www.radiopresidenteibanez.cl\/web\/wp-json\/wp\/v2\/categories?post=43889"},{"taxonomy":"post_tag","embeddable":true,"href":"https:\/\/www.radiopresidenteibanez.cl\/web\/wp-json\/wp\/v2\/tags?post=43889"}],"curies":[{"name":"wp","href":"https:\/\/api.w.org\/{rel}","templated":true}]}}