{"id":43877,"date":"2023-11-06T11:43:00","date_gmt":"2023-11-06T14:43:00","guid":{"rendered":"https:\/\/www.radiopresidenteibanez.cl\/web\/?p=43877"},"modified":"2023-11-06T10:27:26","modified_gmt":"2023-11-06T13:27:26","slug":"conversatorio-reune-a-agrupaciones-tea-y-autoridades-para-dialogar-sobre-implementacion-de-ley-y-nuevos-desafios-regionales","status":"publish","type":"post","link":"https:\/\/www.radiopresidenteibanez.cl\/web\/conversatorio-reune-a-agrupaciones-tea-y-autoridades-para-dialogar-sobre-implementacion-de-ley-y-nuevos-desafios-regionales\/","title":{"rendered":"CONVERSATORIO RE\u00daNE A AGRUPACIONES TEA Y AUTORIDADES PARA DIALOGAR SOBRE IMPLEMENTACI\u00d3N DE LEY Y NUEVOS DESAF\u00cdOS REGIONALES"},"content":{"rendered":"\n<p>Con el objetivo de reforzar el trabajo realizado entre las agrupaciones ciudadanas y las autoridades regionales, la Seremi de Salud en conjunto con la Delegaci\u00f3n Presidencial Regional de Magallanes organizaron el conversatorio \u201cLey TEA: Gobierno y Ciudadan\u00eda avanzando hacia una sociedad m\u00e1s inclusiva\u201d.<\/p>\n\n\n\n<p>La actividad cont\u00f3 con la participaci\u00f3n de representantes de agrupaciones de Punta Arenas y Puerto Natales que trabajan en torno al Trastorno de Espectro Autista (TEA), autoridades regionales y nacionales. La jornada comenz\u00f3 con las palabras de bienvenida del Delegado Presidencial, Jos\u00e9 Ruiz, y el saludo de la Subsecretaria de la Ni\u00f1ez, Ver\u00f3nica Silva.<\/p>\n\n\n\n<p>Se trat\u00f3 de un dialogo cargado de empat\u00eda y comprensi\u00f3n, donde los representantes de las agrupaciones expusieron en profundidad su trayectoria, trabajo y requerimientos, lo cual permiti\u00f3 acercar las diferentes visiones con una mirada en com\u00fan hacia una sociedad m\u00e1s inclusiva. De esta forma, cont\u00f3 con las presentaciones de la organizaciones: Bazinga, Asperger Natales, TEApoyo y Corporaci\u00f3n Dversian.<\/p>\n\n\n\n<p>El Delegado Presidencial Regional, Jos\u00e9 Ruiz, destac\u00f3 que \u201cempujar la ley TEA fue un compromiso que tuvo el Presidente Gabriel Boric con las agrupaciones y las familias, quienes realmente son las art\u00edfices de que esta ley, y que se haya promulgado fue producto de un largo trabajo y lucha durante a\u00f1os. El Presidente lo hizo con la firme convicci\u00f3n de que el Estado no debe dejar a nadie atr\u00e1s y estos di\u00e1logos cobran especial relevancia para generar encuentros y entornos inclusivos hacia la sociedad para, de esta manera, se garantice igualdad de oportunidades, eliminando toda forma de discriminaci\u00f3n y, por supuesto, irnos concientizando como sociedad\u201d.<\/p>\n\n\n\n<p>La Seremi de Salud Francisca Sanfuentes, expres\u00f3 que \u201cestamos muy contentos con la jornada de hoy, que refleja un trabajo que ya viene desde antes de la promulgaci\u00f3n de la ley, que no solo involucra al sector salud y a otros servicios p\u00fablicos, sino que es fuertemente impulsado por los requerimientos y voluntades de las organizaciones de la sociedad civil. Las personas y las familias han sido una parte esencial para tener esta ley y luego para implementarla\u201d.<\/p>\n\n\n\n<p>Desde las Agrupaciones TEA, Filomena Isabel Antilef, como creadora y representante legal de la agrupaci\u00f3n Asperger Natales, calific\u00f3 como de muy positivo el apoyo de la autoridad. \u201cHoy en d\u00eda la nueva autoridad est\u00e1 bien interesada en el tema de lo que es el espectro autista y eso se agradece enormemente, ya que uno sin el apoyo de la autoridad y de todas las familias que vienen detr\u00e1s de uno, no puede lograr tantas cosas<\/p>\n","protected":false},"excerpt":{"rendered":"<p>Con el objetivo de reforzar el trabajo realizado entre las agrupaciones ciudadanas y las autoridades regionales, la Seremi de Salud en conjunto con la Delegaci\u00f3n Presidencial Regional de Magallanes organizaron&#8230; <a class=\"read-more\" href=\"https:\/\/www.radiopresidenteibanez.cl\/web\/conversatorio-reune-a-agrupaciones-tea-y-autoridades-para-dialogar-sobre-implementacion-de-ley-y-nuevos-desafios-regionales\/\">Leer m\u00e1s<\/a><\/p>\n","protected":false},"author":2,"featured_media":43878,"comment_status":"closed","ping_status":"closed","sticky":false,"template":"","format":"standard","meta":{"footnotes":""},"categories":[1],"tags":[],"class_list":["post-43877","post","type-post","status-publish","format-standard","has-post-thumbnail","hentry","category-cronica"],"_links":{"self":[{"href":"https:\/\/www.radiopresidenteibanez.cl\/web\/wp-json\/wp\/v2\/posts\/43877","targetHints":{"allow":["GET"]}}],"collection":[{"href":"https:\/\/www.radiopresidenteibanez.cl\/web\/wp-json\/wp\/v2\/posts"}],"about":[{"href":"https:\/\/www.radiopresidenteibanez.cl\/web\/wp-json\/wp\/v2\/types\/post"}],"author":[{"embeddable":true,"href":"https:\/\/www.radiopresidenteibanez.cl\/web\/wp-json\/wp\/v2\/users\/2"}],"replies":[{"embeddable":true,"href":"https:\/\/www.radiopresidenteibanez.cl\/web\/wp-json\/wp\/v2\/comments?post=43877"}],"version-history":[{"count":0,"href":"https:\/\/www.radiopresidenteibanez.cl\/web\/wp-json\/wp\/v2\/posts\/43877\/revisions"}],"wp:featuredmedia":[{"embeddable":true,"href":"https:\/\/www.radiopresidenteibanez.cl\/web\/wp-json\/wp\/v2\/media\/43878"}],"wp:attachment":[{"href":"https:\/\/www.radiopresidenteibanez.cl\/web\/wp-json\/wp\/v2\/media?parent=43877"}],"wp:term":[{"taxonomy":"category","embeddable":true,"href":"https:\/\/www.radiopresidenteibanez.cl\/web\/wp-json\/wp\/v2\/categories?post=43877"},{"taxonomy":"post_tag","embeddable":true,"href":"https:\/\/www.radiopresidenteibanez.cl\/web\/wp-json\/wp\/v2\/tags?post=43877"}],"curies":[{"name":"wp","href":"https:\/\/api.w.org\/{rel}","templated":true}]}}