{"id":43872,"date":"2023-11-06T09:26:00","date_gmt":"2023-11-06T12:26:00","guid":{"rendered":"https:\/\/www.radiopresidenteibanez.cl\/web\/?p=43872"},"modified":"2023-11-06T08:33:48","modified_gmt":"2023-11-06T11:33:48","slug":"chile-cuentos-llega-a-magallanes-con-tres-narradores-internacionales","status":"publish","type":"post","link":"https:\/\/www.radiopresidenteibanez.cl\/web\/chile-cuentos-llega-a-magallanes-con-tres-narradores-internacionales\/","title":{"rendered":"CHILE CUENTOS LLEGA A MAGALLANES CON TRES NARRADORES INTERNACIONALES"},"content":{"rendered":"\n<p>Entre el 6 y el 8 de noviembre tendr\u00e1 una extensi\u00f3n en la region de Magallanes el V Festival Internacional de Narraci\u00f3n Oral ChileCuentos, instancia que produce compa\u00f1\u00eda La Matrioska, en colaboraci\u00f3n con la Seremi de las Culturas, las Artes y el Patriminio, mediante el Plan Regional de Lectura.<\/p>\n\n\n\n<p>ChileCuentos es una fiesta de la palabra dicha que desde 2018 re\u00fane en Chile a grandes contadores de historias de Hispanoam\u00e9rica. En la presente edici\u00f3n llega a Punta Arenas con tres narradores internacionales: Aldo M\u00e9ndez, de Cuba; Carolina Rueda, Colombia; y Adri\u00e1n Yeste, de Espa\u00f1a.<\/p>\n\n\n\n<p>Los tres especialistas de la disciplina ofrecer\u00e1nfunciones a escolares y para adultos, m\u00e1s una serie de talleres para personas interesadas en aprender o perfeccionarse en el arte ancestral y emergente de contar cuentos. Todas estas actividades son de acceso gratuito.<\/p>\n\n\n\n<p>\u201cEsta es una forma de recrear historias, de conectarnos con mundos m\u00e1gicos y compartir en comunidad. Estamos propiciando espacios no s\u00f3lo pensando en el \u00e1mbito literario, sino que abri\u00e9ndolo a la ciudadan\u00eda, a trav\u00e9s de talleres y funciones que nos ayudan a descubrir el valor de la palabra, del di\u00e1logo y de la conversaci\u00f3n\u201d, dijo el Seremi de las Culturas, Diego Garc\u00eda.<\/p>\n\n\n\n<p>ChileCuentos, que adem\u00e1s tiene programaci\u00f3n en las ciudades de Santiago y Valpara\u00edso, tiene previsto nueve funciones en establecimientos educacionales de la capital regional de Magallanes.&nbsp; El lunes 6 de noviembre, llegar\u00e1 a las escuelas Juan Williams, Espa\u00f1a y Colegio Miguel de Cervantes; el martes 7, al Liceo Experimental, Colegio Franc\u00e9s y la escuela Sarmiento de Gamboa, mientras que el mi\u00e9rcoles 8, tendr\u00e1 presentaciones en el colegio Charles Darwin, Nobelius y la Universidad de Magallanes.<\/p>\n\n\n\n<p>La funci\u00f3n abierta al p\u00fablico se realizar\u00e1 el martes 7 de noviembre, a las 19.30 horas, en Gyros Club, ubicado en Av. Col\u00f3n 657. La entrada es gratuita y no se require inscripci\u00f3n previa.<\/p>\n\n\n\n<p>Los talleres de narraci\u00f3n oral, dictados por Aldo M\u00e9ndez, Carolina Rueda y Adri\u00e1n Yeste, se efectuar\u00e1n el lunes 6 de noviembre, a las 17.00 horas, en el liceo Luis Alberto Barrera. Las personas interesadas en asistir deben asegurar su cupo en el correo electr\u00f3nico: <a href=\"mailto:francia.vargas@cultura.gob.cl\">francia.vargas@cultura.gob.cl<\/a><\/p>\n","protected":false},"excerpt":{"rendered":"<p>Entre el 6 y el 8 de noviembre tendr\u00e1 una extensi\u00f3n en la region de Magallanes el V Festival Internacional de Narraci\u00f3n Oral ChileCuentos, instancia que produce compa\u00f1\u00eda La Matrioska,&#8230; <a class=\"read-more\" href=\"https:\/\/www.radiopresidenteibanez.cl\/web\/chile-cuentos-llega-a-magallanes-con-tres-narradores-internacionales\/\">Leer m\u00e1s<\/a><\/p>\n","protected":false},"author":2,"featured_media":43873,"comment_status":"closed","ping_status":"closed","sticky":false,"template":"","format":"standard","meta":{"footnotes":""},"categories":[1],"tags":[],"class_list":["post-43872","post","type-post","status-publish","format-standard","has-post-thumbnail","hentry","category-cronica"],"_links":{"self":[{"href":"https:\/\/www.radiopresidenteibanez.cl\/web\/wp-json\/wp\/v2\/posts\/43872","targetHints":{"allow":["GET"]}}],"collection":[{"href":"https:\/\/www.radiopresidenteibanez.cl\/web\/wp-json\/wp\/v2\/posts"}],"about":[{"href":"https:\/\/www.radiopresidenteibanez.cl\/web\/wp-json\/wp\/v2\/types\/post"}],"author":[{"embeddable":true,"href":"https:\/\/www.radiopresidenteibanez.cl\/web\/wp-json\/wp\/v2\/users\/2"}],"replies":[{"embeddable":true,"href":"https:\/\/www.radiopresidenteibanez.cl\/web\/wp-json\/wp\/v2\/comments?post=43872"}],"version-history":[{"count":0,"href":"https:\/\/www.radiopresidenteibanez.cl\/web\/wp-json\/wp\/v2\/posts\/43872\/revisions"}],"wp:featuredmedia":[{"embeddable":true,"href":"https:\/\/www.radiopresidenteibanez.cl\/web\/wp-json\/wp\/v2\/media\/43873"}],"wp:attachment":[{"href":"https:\/\/www.radiopresidenteibanez.cl\/web\/wp-json\/wp\/v2\/media?parent=43872"}],"wp:term":[{"taxonomy":"category","embeddable":true,"href":"https:\/\/www.radiopresidenteibanez.cl\/web\/wp-json\/wp\/v2\/categories?post=43872"},{"taxonomy":"post_tag","embeddable":true,"href":"https:\/\/www.radiopresidenteibanez.cl\/web\/wp-json\/wp\/v2\/tags?post=43872"}],"curies":[{"name":"wp","href":"https:\/\/api.w.org\/{rel}","templated":true}]}}