{"id":43860,"date":"2023-11-05T08:36:00","date_gmt":"2023-11-05T11:36:00","guid":{"rendered":"https:\/\/www.radiopresidenteibanez.cl\/web\/?p=43860"},"modified":"2023-11-05T12:38:27","modified_gmt":"2023-11-05T15:38:27","slug":"se-levanto-con-el-gallo-a-la-tineta-clavo-sus-ojos-con-frio-cerro-la-puerta-en-casa-de-esta-mujer-canta-capri","status":"publish","type":"post","link":"https:\/\/www.radiopresidenteibanez.cl\/web\/se-levanto-con-el-gallo-a-la-tineta-clavo-sus-ojos-con-frio-cerro-la-puerta-en-casa-de-esta-mujer-canta-capri\/","title":{"rendered":"\u00ab..Se levant\u00f3 con el gallo a la tineta clav\u00f3 sus ojos con fr\u00edo cerr\u00f3 la puerta en casa de esta mujer..\u00bb canta Capri"},"content":{"rendered":"\n<p>Luego de una larga tramitaci\u00f3n y de muchos cambios en relaci\u00f3n a lo que planteaba el proyecto original presentado en el a\u00f1o 2017, el 26 de abril de 2023 se public\u00f3 en el Diario Oficial la ley N\u00b0 21.561 que modifica el C\u00f3digo del Trabajo y que reduce la jornada laboral a 40 horas. Por cierto que es un paso adelante en cuanto a la disminuci\u00f3n de la jornada semanal, no obstante la ley en cuesti\u00f3n hace algunas innovaciones respecto de la forma en que se va a distribuir esta jornada semanal y es menester poner mucha atenci\u00f3n a estos cambios pues, en nuestra opini\u00f3n, se hacen algunas innovaciones que modifican la estructura de la norma, luego de 92 a\u00f1os desde que se dictara el primer C\u00f3digo del Trabajo en Chile.<br>En efecto, desde sus or\u00edgenes y hasta antes de esta \u00faltima reforma que disminuye la jornada a 40 horas, se estableci\u00f3 con rigurosidad que la jornada de trabajo ser\u00eda de 48 horas (desde 2005 de 45 horas) por semana. Es m\u00e1s, y como lo hemos explicado varias veces, hasta 1973 se establec\u00eda tambi\u00e9n que la jornada ser\u00eda de 8 horas diarias, salvo las excepciones que hace la ley, pero que no anularon el principio de jornada semanal y de jornada diaria a cumplir por los obreros y empleados.<\/p>\n\n\n\n<p>2.- Los cambios establecidos por la dictadura y los gobiernos posteriores a ella, si bien terminaron con la jornada diaria mantuvieron el criterio de que la jornada semanal no exceder\u00eda de un l\u00edmite, m\u00e1s all\u00e1 de las excepciones establecidas, sin embargo con la \u00faltima reforma se innova y, en nuestra opini\u00f3n, esto va en contra de las aspiraciones de los trabajadores.\u00bfQu\u00e9 cuestiones deben llamar nuestra atenci\u00f3n en la nueva ley, respecto de la jornada de trabajo? El nuevo inciso primero del art\u00edculo 22 del C\u00f3digo del Trabajo dice: \u201cLa duraci\u00f3n de la jornada ordinaria de trabajo no exceder\u00e1 de cuarenta horas semanales..\u201d, manteniendo hasta aqu\u00ed, en t\u00e9rminos generales, la misma lectura que viene desde 1931 en el c\u00f3digo del trabajo en lo que a jornada de trabajo respecta.<br>No obstante, en esta ocasi\u00f3n se complementa dicho inciso con la siguiente frase \u201d..y su distribuci\u00f3n se podr\u00e1 efectuar en cada semana calendario o sobre la base de promedios semanales en lapsos de hasta 4 semanas, con los l\u00edmites y requisitos se\u00f1alados en este cap\u00edtulo.\u201d Sin ser expertos y analiz\u00e1ndolo desde la visi\u00f3n sindical, aqu\u00ed se ve una regresi\u00f3n pues se presentan dos mecanismos para que el trabajador cumpla con la jornada semanal de trabajo, en circunstancias que antes solo exist\u00eda uno. Debe quedar muy claro para nosotros que, en las actuales condiciones de la relaci\u00f3n capital trabajo, es una utop\u00eda pensar que el trabajador tendr\u00e1 facultad para elegir entre 2 mecanismos como cumplir con la jornada semanal de trabajo.<br>Simplemente le ser\u00e1 impuesto el que mejor favorezca a las intenciones de la patronal y ese es el trabajo en ciclos, pues estos pueden variar en sus horas semanales y tambi\u00e9n diarias, a voluntad del patr\u00f3n.<\/p>\n","protected":false},"excerpt":{"rendered":"<p>Luego de una larga tramitaci\u00f3n y de muchos cambios en relaci\u00f3n a lo que planteaba el proyecto original presentado en el a\u00f1o 2017, el 26 de abril de 2023 se&#8230; <a class=\"read-more\" href=\"https:\/\/www.radiopresidenteibanez.cl\/web\/se-levanto-con-el-gallo-a-la-tineta-clavo-sus-ojos-con-frio-cerro-la-puerta-en-casa-de-esta-mujer-canta-capri\/\">Leer m\u00e1s<\/a><\/p>\n","protected":false},"author":2,"featured_media":43861,"comment_status":"closed","ping_status":"closed","sticky":false,"template":"","format":"standard","meta":{"footnotes":""},"categories":[1],"tags":[],"class_list":["post-43860","post","type-post","status-publish","format-standard","has-post-thumbnail","hentry","category-cronica"],"_links":{"self":[{"href":"https:\/\/www.radiopresidenteibanez.cl\/web\/wp-json\/wp\/v2\/posts\/43860","targetHints":{"allow":["GET"]}}],"collection":[{"href":"https:\/\/www.radiopresidenteibanez.cl\/web\/wp-json\/wp\/v2\/posts"}],"about":[{"href":"https:\/\/www.radiopresidenteibanez.cl\/web\/wp-json\/wp\/v2\/types\/post"}],"author":[{"embeddable":true,"href":"https:\/\/www.radiopresidenteibanez.cl\/web\/wp-json\/wp\/v2\/users\/2"}],"replies":[{"embeddable":true,"href":"https:\/\/www.radiopresidenteibanez.cl\/web\/wp-json\/wp\/v2\/comments?post=43860"}],"version-history":[{"count":0,"href":"https:\/\/www.radiopresidenteibanez.cl\/web\/wp-json\/wp\/v2\/posts\/43860\/revisions"}],"wp:featuredmedia":[{"embeddable":true,"href":"https:\/\/www.radiopresidenteibanez.cl\/web\/wp-json\/wp\/v2\/media\/43861"}],"wp:attachment":[{"href":"https:\/\/www.radiopresidenteibanez.cl\/web\/wp-json\/wp\/v2\/media?parent=43860"}],"wp:term":[{"taxonomy":"category","embeddable":true,"href":"https:\/\/www.radiopresidenteibanez.cl\/web\/wp-json\/wp\/v2\/categories?post=43860"},{"taxonomy":"post_tag","embeddable":true,"href":"https:\/\/www.radiopresidenteibanez.cl\/web\/wp-json\/wp\/v2\/tags?post=43860"}],"curies":[{"name":"wp","href":"https:\/\/api.w.org\/{rel}","templated":true}]}}