{"id":4386,"date":"2019-05-19T14:45:49","date_gmt":"2019-05-19T14:45:49","guid":{"rendered":"http:\/\/www.radiopresidenteibanez.cl\/web\/?p=4386"},"modified":"2019-05-19T14:46:14","modified_gmt":"2019-05-19T14:46:14","slug":"la-negra-y-retrogrados-representantes-de-magallanes-en-los-festivales-rockodromo-y-masa","status":"publish","type":"post","link":"https:\/\/www.radiopresidenteibanez.cl\/web\/la-negra-y-retrogrados-representantes-de-magallanes-en-los-festivales-rockodromo-y-masa\/","title":{"rendered":"\u201cLA NEGRA\u201d Y \u201cRETR\u00d3GRADOS\u201d, REPRESENTANTES DE MAGALLANES EN LOS FESTIVALES ROCKODR\u00d3MO Y MASA"},"content":{"rendered":"\n<p>Luego del per\u00edodo de clases\nformativas y del Concierto Audici\u00f3n, efectuado este jueves en el Museo\nMunicipal Jos\u00e9 Bohr de Punta Arenas, fueron seleccionadas las bandas\nmagall\u00e1nicas que participar\u00e1n en los cert\u00e1menes que forman parte de la Red de\nFestivales de Escuelas de Rock y M\u00fasica Popular, impulsada por el Ministerio de\nlas Culturas, las Artes y el Patrimonio.<\/p>\n\n\n\n<p>La emergente agrupaci\u00f3n \u00abLa\nNegra\u00bb, integrada por la estudiante de segundo medio del Greenhill College, Mariana\nToledo (vocalista y guitarra), el alumno de cuarto medio del liceo Nobelius,\nMarco Mu\u00f1oz (bajo) y Fabi\u00e1n Morales, tercero medio en el colegio Charles Darwin\n(bater\u00eda), se adjudic\u00f3 el cupo para integrar la parrilla program\u00e1tica del\nRock\u00f3dromo 2020. \u00abEstoy muy feliz. Nunca pens\u00e9 que en tan poco tiempo que\nllevamos tocando, podr\u00edamos viajar a un festival como el Rock\u00f3dromo en Valpo,\nque es una cosa muy masiva. Es un tremendo desaf\u00edo para nosotros. Estoy muy\nfeliz\u201d, recalc\u00f3 la emocionada cantante de la agrupaci\u00f3n formada hace seis meses\ny cuya propuesta musical mezcal folk y rock.<\/p>\n\n\n\n<p>\u00abRetr\u00f3grados\u00bb, exponentes\ndel blues, consiguieron pasajes para participar en el festival \u201cMasa\u201d de la\nRegi\u00f3n Metropolitana, que se efectuar\u00e1 en agosto pr\u00f3ximo. Mientras que\n\u00abTroodon\u00bb y \u00abLos Champmans\u00bb, se sumar\u00e1n a \u00abDesde el\nRuido Austral\u00bb, programado para el mes de noviembre.<\/p>\n\n\n\n<p>\u00abEstamos felices, porque tenemos\nnuestros representantes para el Rock\u00f3dromo, un grupo muy joven como lo es La\nNegra. Adem\u00e1s, se eligi\u00f3 a Troodon y Los Champmans, para el festival Desde el\nRuido Austral y Retr\u00f3grados que ir\u00e1 a Santiago. Queremos felicitar a todos los\nque participaron el d\u00eda de hoy, por el maravilloso trabajo que mostraron\u201d, manifest\u00f3\nla&nbsp;Seremi de las Culturas, las Artes y el Patrimonio, Katherine Ibacache, quien,\njunto al productor musical, Gregorio Fonatine, y al Coordinador \u00c1rea\nFomento y Gesti\u00f3n Regional del programa Escuelas de Rock y M\u00fasica Popular,\nCristian Z\u00fa\u00f1iga, integr\u00f3 el jurado que escogi\u00f3 a los ganadores.<\/p>\n\n\n\n<p>The Rathead Band, Los Retr\u00f3grados, Carancho, Indomia, Andros, La Negra,\nBajo Cero, Javier \u00c1lvarez, Los Klasky, Camino De Tierra, Troodon, The Death\nSymphony, Los Chapmans, Vac\u00edo, Dispersiones Sonoras, In Memoriam, Resonancia\nArm\u00f3nica y El Germen de Todo, fueron las dieciocho bandas y solistas que\nasistieron a clases y mostraron sus trabajos en el Jos\u00e9 Bohr.<\/p>\n\n\n\n<p>\u201cGesti\u00f3n y difusi\u00f3n de proyectos musicales\u201d, a cargo de Eduardo Fern\u00e1ndez; \u201cDe la voz a la puesta en escena\u201d, liderado por la cantautora nacional Roc\u00edo Pe\u00f1a, y \u201cProducci\u00f3n musical para espect\u00e1culos en vivo\u201d, dirigido por Gregorio Fontaine, fueron las tem\u00e1ticas tratadas en la fase de instrucci\u00f3n y cuyo prop\u00f3sito apunt\u00f3 a contribuir al desarrollo y profesionalizaci\u00f3n de la escena local de m\u00fasica popular.<\/p>\n\n\n\n<figure class=\"wp-block-image\"><img loading=\"lazy\" decoding=\"async\" width=\"1000\" height=\"667\" src=\"https:\/\/www.radiopresidenteibanez.cl\/web\/wp-content\/uploads\/2019\/05\/LA-NEGRA-2.jpg\" alt=\"\" class=\"wp-image-4387\" srcset=\"https:\/\/www.radiopresidenteibanez.cl\/web\/wp-content\/uploads\/2019\/05\/LA-NEGRA-2.jpg 1000w, https:\/\/www.radiopresidenteibanez.cl\/web\/wp-content\/uploads\/2019\/05\/LA-NEGRA-2-300x200.jpg 300w, https:\/\/www.radiopresidenteibanez.cl\/web\/wp-content\/uploads\/2019\/05\/LA-NEGRA-2-768x512.jpg 768w\" sizes=\"auto, (max-width: 1000px) 100vw, 1000px\" \/><\/figure>\n","protected":false},"excerpt":{"rendered":"<p>Luego del per\u00edodo de clases formativas y del Concierto Audici\u00f3n, efectuado este jueves en el Museo Municipal Jos\u00e9 Bohr de Punta Arenas, fueron seleccionadas las bandas magall\u00e1nicas que participar\u00e1n en&#8230; <a class=\"read-more\" href=\"https:\/\/www.radiopresidenteibanez.cl\/web\/la-negra-y-retrogrados-representantes-de-magallanes-en-los-festivales-rockodromo-y-masa\/\">Leer m\u00e1s<\/a><\/p>\n","protected":false},"author":2,"featured_media":4387,"comment_status":"closed","ping_status":"closed","sticky":false,"template":"","format":"standard","meta":{"footnotes":""},"categories":[1],"tags":[],"class_list":["post-4386","post","type-post","status-publish","format-standard","has-post-thumbnail","hentry","category-cronica"],"_links":{"self":[{"href":"https:\/\/www.radiopresidenteibanez.cl\/web\/wp-json\/wp\/v2\/posts\/4386","targetHints":{"allow":["GET"]}}],"collection":[{"href":"https:\/\/www.radiopresidenteibanez.cl\/web\/wp-json\/wp\/v2\/posts"}],"about":[{"href":"https:\/\/www.radiopresidenteibanez.cl\/web\/wp-json\/wp\/v2\/types\/post"}],"author":[{"embeddable":true,"href":"https:\/\/www.radiopresidenteibanez.cl\/web\/wp-json\/wp\/v2\/users\/2"}],"replies":[{"embeddable":true,"href":"https:\/\/www.radiopresidenteibanez.cl\/web\/wp-json\/wp\/v2\/comments?post=4386"}],"version-history":[{"count":0,"href":"https:\/\/www.radiopresidenteibanez.cl\/web\/wp-json\/wp\/v2\/posts\/4386\/revisions"}],"wp:featuredmedia":[{"embeddable":true,"href":"https:\/\/www.radiopresidenteibanez.cl\/web\/wp-json\/wp\/v2\/media\/4387"}],"wp:attachment":[{"href":"https:\/\/www.radiopresidenteibanez.cl\/web\/wp-json\/wp\/v2\/media?parent=4386"}],"wp:term":[{"taxonomy":"category","embeddable":true,"href":"https:\/\/www.radiopresidenteibanez.cl\/web\/wp-json\/wp\/v2\/categories?post=4386"},{"taxonomy":"post_tag","embeddable":true,"href":"https:\/\/www.radiopresidenteibanez.cl\/web\/wp-json\/wp\/v2\/tags?post=4386"}],"curies":[{"name":"wp","href":"https:\/\/api.w.org\/{rel}","templated":true}]}}