{"id":43830,"date":"2023-11-03T09:31:00","date_gmt":"2023-11-03T12:31:00","guid":{"rendered":"https:\/\/www.radiopresidenteibanez.cl\/web\/?p=43830"},"modified":"2023-11-03T08:47:52","modified_gmt":"2023-11-03T11:47:52","slug":"proyecto-de-ley-presentado-por-gobierno-protegera-a-dirigentes-o-dirigentas-sociales","status":"publish","type":"post","link":"https:\/\/www.radiopresidenteibanez.cl\/web\/proyecto-de-ley-presentado-por-gobierno-protegera-a-dirigentes-o-dirigentas-sociales\/","title":{"rendered":"PROYECTO DE LEY PRESENTADO POR GOBIERNO PROTEGERA A DIRIGENTES O DIRIGENTAS SOCIALES"},"content":{"rendered":"\n<p>La iniciativa intenta resguardar a quienes son esenciales en la organizaci\u00f3n de las<br>comunidades porque son portavoces del sentir m\u00e1s profundo de las personas<br>En la sede de la Junta de Vecinos N\u00b027, \u201cDon Bosco\u201d, la Secretar\u00eda Regional Ministerial<br>de Gobierno, realiz\u00f3 el conversatorio \u201cMayor protecci\u00f3n de dirigentes frente a la<br>violencia\u201d. Dicha actividad se enmarca en la presentaci\u00f3n del proyecto de Ley que<br>regula la protecci\u00f3n de dirigencias sociales para que puedan cumplir con su rol<br>de recuperar sus espacios p\u00fablicos, de crear y unir a las comunidades.<br>Despu\u00e9s de la presentaci\u00f3n del seremi de Gobierno, Andro Mimica, donde<br>expuso las implicancia de este proyecto de Ley, el vocero, junto a la Diputada,<br>Javiera Morales, y el encargado de la Divisi\u00f3n de Organizaciones Sociales,<br>Daniel Oyarzo, dialogaron con los dirigentes, vecinas y vecinos convocados,<br>respondiendo algunas preguntas sobre esta tem\u00e1tica, y tambi\u00e9n otras,<br>relacionadas con otras contenidos de inter\u00e9s comunal.<br>Las dirigencias sociales son esenciales en la organizaci\u00f3n de las comunidades<br>porque son portavoces del sentir m\u00e1s profundo de las personas. Por ello, este<br>proyecto tiene como objetivo sancionar con penas m\u00e1s altas la comisi\u00f3n del<br>delito de lesiones y amenazas cuando la v\u00edctima sea un dirigente o dirigenta<br>social.<br>En este sentido, el vocero asegur\u00f3 que \u201ccomo gobierno del Presidente Gabriel<br>Boric lo hemos dicho muchas veces, la construcci\u00f3n de las pol\u00edticas p\u00fablicas<br>tiene que ser con las bases. Este proyecto de Ley que va con la firma de<br>nuestro Presidente y la de nuestra ministra Camila Vallejos es principalmente<br>la protecci\u00f3n hacia quienes han dedicado durante toda su vida la dirigencia<br>social. Sabemos que no solamente en Magallanes, sino que en todo Chile, ellos<br>y ellas han sufrido acoso y violencia f\u00edsica y\/o verbal, y precisamente este<br>proyecto de Ley que impulsa el Gobierno, va definitivamente en su protecci\u00f3n.<br>La Diputada, Javiera Morales, asegur\u00f3: \u201cvamos a hacer un reconocimiento al<br>trabajo de a veces d\u00e9cadas, de a\u00f1os, que hacen los dirigentes sociales que<br>fueron tan importantes, por ejemplo para el periodo de la pandemia, para<br>acercar el Estado a las personas que m\u00e1s lo necesitan. Ellos hacen un trabajo<br>silencioso d\u00eda a d\u00eda, de ir acercando a sus barrios, a su comunidad, a sus<br>vecinos y vecinas al Estado, presentarnos sus leg\u00edtimas demandas, y en este<\/p>\n\n\n\n<p>contexto, el Gobierno recogi\u00f3 distintas iniciativas parlamentarias a lo largo de<br>todo Chile, para otorgarles mayor protecci\u00f3n a las y los dirigentes sociales.<br>La parlamentaria regional agreg\u00f3: \u201cMe alegro mucho que hoy d\u00eda gracias a la<br>dedicaci\u00f3n del Gobierno en la regi\u00f3n logremos tener esta instancia donde sea<br>posible sociabilizar este proyecto de Ley que como como parlamentaria de la<br>regi\u00f3n tengo un compromiso para que avance prontamente en el Congreso\u201d.<br>Jos\u00e9 Necul, vicepresidente del Consejo de la Sociedad Civil Comunal y<br>presidente de la Junta de Vecinos, N\u00b057, Archipi\u00e9lago de Chilo\u00e9, agradeci\u00f3 al<br>Gobierno del Presidente Gabriel Boric por esta importante iniciativa, ya que<br>desde hace un tiempo Jos\u00e9 reconoce haber recibido amenazas cuando fue<br>parte de las personas que hicieron un reclamo con respecto a la protecci\u00f3n de<br>un bosque que est\u00e1 en el sector sur de Punta Arenas. \u201cde verdad estaban<br>faltando este tipo de leyes para incentivar la participaci\u00f3n ciudadana, y que los<br>dirigentes una vez por todas podamos tener por lo menos un reglamento legal<br>que nos proteja. Hoy tenemos el flagelo de la violencia que est\u00e1 afectado<br>especialmente a los barrios perif\u00e9ricos, y la verdad es que necesitamos<br>bastante apoyo por parte del Gobierno, que hagan un trabajo en conjunto con<br>nosotros, la sociedad civil, para poder tener una vida con mayor bienestar\u201d,<br>sostuvo.<br>El seremi de gobierno finaliz\u00f3 explicando que \u201cAhora comienza la discusi\u00f3n<br>legislativa, por eso es tan importante la asistencia de los parlamentarios, y hoy<br>la diputada Morales va a recoger las mismas inquietudes que van a salir de la<br>sociedad civil. Que este no sea un proyecto que solamente sale desde la<br>Moneda, sino que tambi\u00e9n sean las bases sociales que puedan aportar a esta<br>discusi\u00f3n parlamentaria, que se va a iniciar entregando el proyecto de Ley por<br>parte del ejecutivo\u201d.<\/p>\n\n\n\n<p><\/p>\n","protected":false},"excerpt":{"rendered":"<p>La iniciativa intenta resguardar a quienes son esenciales en la organizaci\u00f3n de lascomunidades porque son portavoces del sentir m\u00e1s profundo de las personasEn la sede de la Junta de Vecinos&#8230; <a class=\"read-more\" href=\"https:\/\/www.radiopresidenteibanez.cl\/web\/proyecto-de-ley-presentado-por-gobierno-protegera-a-dirigentes-o-dirigentas-sociales\/\">Leer m\u00e1s<\/a><\/p>\n","protected":false},"author":2,"featured_media":43831,"comment_status":"closed","ping_status":"closed","sticky":false,"template":"","format":"standard","meta":{"footnotes":""},"categories":[1],"tags":[],"class_list":["post-43830","post","type-post","status-publish","format-standard","has-post-thumbnail","hentry","category-cronica"],"_links":{"self":[{"href":"https:\/\/www.radiopresidenteibanez.cl\/web\/wp-json\/wp\/v2\/posts\/43830","targetHints":{"allow":["GET"]}}],"collection":[{"href":"https:\/\/www.radiopresidenteibanez.cl\/web\/wp-json\/wp\/v2\/posts"}],"about":[{"href":"https:\/\/www.radiopresidenteibanez.cl\/web\/wp-json\/wp\/v2\/types\/post"}],"author":[{"embeddable":true,"href":"https:\/\/www.radiopresidenteibanez.cl\/web\/wp-json\/wp\/v2\/users\/2"}],"replies":[{"embeddable":true,"href":"https:\/\/www.radiopresidenteibanez.cl\/web\/wp-json\/wp\/v2\/comments?post=43830"}],"version-history":[{"count":0,"href":"https:\/\/www.radiopresidenteibanez.cl\/web\/wp-json\/wp\/v2\/posts\/43830\/revisions"}],"wp:featuredmedia":[{"embeddable":true,"href":"https:\/\/www.radiopresidenteibanez.cl\/web\/wp-json\/wp\/v2\/media\/43831"}],"wp:attachment":[{"href":"https:\/\/www.radiopresidenteibanez.cl\/web\/wp-json\/wp\/v2\/media?parent=43830"}],"wp:term":[{"taxonomy":"category","embeddable":true,"href":"https:\/\/www.radiopresidenteibanez.cl\/web\/wp-json\/wp\/v2\/categories?post=43830"},{"taxonomy":"post_tag","embeddable":true,"href":"https:\/\/www.radiopresidenteibanez.cl\/web\/wp-json\/wp\/v2\/tags?post=43830"}],"curies":[{"name":"wp","href":"https:\/\/api.w.org\/{rel}","templated":true}]}}