{"id":4380,"date":"2019-05-19T14:33:17","date_gmt":"2019-05-19T14:33:17","guid":{"rendered":"http:\/\/www.radiopresidenteibanez.cl\/web\/?p=4380"},"modified":"2019-05-19T14:33:55","modified_gmt":"2019-05-19T14:33:55","slug":"minvu-anuncia-inversion-de-20-mil-millones-para-el-mejoramiento-de-costaneras-en-magallanes","status":"publish","type":"post","link":"https:\/\/www.radiopresidenteibanez.cl\/web\/minvu-anuncia-inversion-de-20-mil-millones-para-el-mejoramiento-de-costaneras-en-magallanes\/","title":{"rendered":"MINVU ANUNCIA INVERSI\u00d3N  DE $20 MIL MILLONES PARA EL MEJORAMIENTO DE COSTANERAS EN MAGALLANES"},"content":{"rendered":"\n<p>Con motivo de la Cuenta P\u00fablica\nNacional realizada el pasado jueves en Punta Arenas, el ministro de Vivienda y\nUrbanismo, Cristi\u00e1n Monckeberg Bruner, encabez\u00f3 un acto de presentaci\u00f3n del\nproyecto denominado \u201cLa Ruta de las Costaneras Magall\u00e1nicas\u201d, el cual pretende\nrealizar un mejoramiento est\u00e1ndar de las costaneras de: Punta Arenas, Puerto\nNatales, Porvenir y R\u00edo Verde. Cabe resaltar, que el monto estimativo de esta\ninversi\u00f3n sectorial y que contar\u00e1 con un gran aporte del Gobierno Regional,\nasciende a un total de $19.790.580.000.<\/p>\n\n\n\n<p>El secretario de Estado, estuvo\nacompa\u00f1ado por el intendente regional, Jos\u00e9 Fern\u00e1ndez D\u00fcbrock, los alcaldes de\nlas comunas involucradas en estos proyectos, autoridades regionales y una\ndelegaci\u00f3n de 50 ni\u00f1os del Liceo Hernando de Magallanes, de los cuales 5 de\nellos interpretaron la premiada canci\u00f3n \u201cPatagonia es Libertad\u201d. Igualmente, el\nevento en menci\u00f3n tuvo una importancia relevante para el desarrollo de la\nregi\u00f3n durante los a\u00f1os venideros, ya que es el aporte que realizar\u00e1 el\nMinisterio de Vivienda y Urbanismo para la conmemoraci\u00f3n de los 500 a\u00f1os del\nDescubrimiento del Estrecho de Magallanes. \u201cAqu\u00ed estamos anunciando en conjunto\ncon el Gobierno Regional y con los alcaldes, lo que ser\u00e1 una inversi\u00f3n\nimportante en la regi\u00f3n. El Minvu no solamente tiene por objeto la construcci\u00f3n\nde viviendas, que es nuestra principal obligaci\u00f3n, sino que tambi\u00e9n dejar\nlegados para la ciudad; ir construy\u00e9ndolas, ir mejorando los barrios y mejorar\nla calidad de vida del pa\u00eds\u201d, manifest\u00f3 el ministro Cristi\u00e1n Monckeberg.<\/p>\n\n\n\n<p>En cuanto a los proyectos, el\ndise\u00f1o de la costanera de Punta Arenas se encuentra listo y se est\u00e1n preparando\nlos antecedentes para solicitar financiamiento al Gore para la segunda etapa,\nya que la primera se ejecutar\u00e1 con fondos sectoriales ($1.100.000). En cuanto a\nla de Puerto Natales, la primera etapa est\u00e1 en ejecuci\u00f3n con fondos del Minvu y\nterminar\u00eda a finales del presente a\u00f1o y la segunda etapa contar\u00eda con\nfinanciamiento del FNDR.<\/p>\n\n\n\n<p>En Porvenir, la costanera de\naquella ciudad se encuentra en dise\u00f1o y la de R\u00edo Verde, el Minvu prepara los\nantecedentes para llamar a licitaci\u00f3n del dise\u00f1o. \u201cComo Gobierno del Presidente\nSebasti\u00e1n Pi\u00f1era tenemos una gran cartera de proyectos de diversos ministerios,\npara ir as\u00ed festejando lo que ser\u00e1n los 500 a\u00f1os del paso de Hernando de Magallanes\npor estrecho\u201d, destac\u00f3 el intendente Jos\u00e9 Fern\u00e1ndez. <\/p>\n\n\n\n<p>Finalmente, cabe resaltar que ser\u00e1n cerca de 4 mil metros lineales que intervendr\u00e1n en todas las costaneras en menci\u00f3n y que \u201ces una gran inversi\u00f3n que estamos concretando en esta regi\u00f3n, en conjunto como gobierno. Ac\u00e1 se a\u00fanan voluntades: el Gobierno regional, el MOP, para darle un nuevo rostro a Magallanes, mejorando sus espacios p\u00fablicos. Las costaneras unen el estrecho con la ciudad, y debemos recuperarlas para que puedan ser disfrutadas en su plenitud\u201d, finaliz\u00f3 el ministro de Vivienda y Urbanismo, Cristi\u00e1n Monckeberg.<\/p>\n\n\n\n<figure class=\"wp-block-image\"><img loading=\"lazy\" decoding=\"async\" width=\"1024\" height=\"683\" src=\"https:\/\/www.radiopresidenteibanez.cl\/web\/wp-content\/uploads\/2019\/05\/pngbase64fba7847b58b1d211-1024x683.png\" alt=\"\" class=\"wp-image-4381\" srcset=\"https:\/\/www.radiopresidenteibanez.cl\/web\/wp-content\/uploads\/2019\/05\/pngbase64fba7847b58b1d211.png 1024w, https:\/\/www.radiopresidenteibanez.cl\/web\/wp-content\/uploads\/2019\/05\/pngbase64fba7847b58b1d211-300x200.png 300w, https:\/\/www.radiopresidenteibanez.cl\/web\/wp-content\/uploads\/2019\/05\/pngbase64fba7847b58b1d211-768x512.png 768w\" sizes=\"auto, (max-width: 1024px) 100vw, 1024px\" \/><\/figure>\n","protected":false},"excerpt":{"rendered":"<p>Con motivo de la Cuenta P\u00fablica Nacional realizada el pasado jueves en Punta Arenas, el ministro de Vivienda y Urbanismo, Cristi\u00e1n Monckeberg Bruner, encabez\u00f3 un acto de presentaci\u00f3n del proyecto&#8230; <a class=\"read-more\" href=\"https:\/\/www.radiopresidenteibanez.cl\/web\/minvu-anuncia-inversion-de-20-mil-millones-para-el-mejoramiento-de-costaneras-en-magallanes\/\">Leer m\u00e1s<\/a><\/p>\n","protected":false},"author":2,"featured_media":4381,"comment_status":"closed","ping_status":"closed","sticky":false,"template":"","format":"standard","meta":{"footnotes":""},"categories":[1],"tags":[],"class_list":["post-4380","post","type-post","status-publish","format-standard","has-post-thumbnail","hentry","category-cronica"],"_links":{"self":[{"href":"https:\/\/www.radiopresidenteibanez.cl\/web\/wp-json\/wp\/v2\/posts\/4380","targetHints":{"allow":["GET"]}}],"collection":[{"href":"https:\/\/www.radiopresidenteibanez.cl\/web\/wp-json\/wp\/v2\/posts"}],"about":[{"href":"https:\/\/www.radiopresidenteibanez.cl\/web\/wp-json\/wp\/v2\/types\/post"}],"author":[{"embeddable":true,"href":"https:\/\/www.radiopresidenteibanez.cl\/web\/wp-json\/wp\/v2\/users\/2"}],"replies":[{"embeddable":true,"href":"https:\/\/www.radiopresidenteibanez.cl\/web\/wp-json\/wp\/v2\/comments?post=4380"}],"version-history":[{"count":0,"href":"https:\/\/www.radiopresidenteibanez.cl\/web\/wp-json\/wp\/v2\/posts\/4380\/revisions"}],"wp:featuredmedia":[{"embeddable":true,"href":"https:\/\/www.radiopresidenteibanez.cl\/web\/wp-json\/wp\/v2\/media\/4381"}],"wp:attachment":[{"href":"https:\/\/www.radiopresidenteibanez.cl\/web\/wp-json\/wp\/v2\/media?parent=4380"}],"wp:term":[{"taxonomy":"category","embeddable":true,"href":"https:\/\/www.radiopresidenteibanez.cl\/web\/wp-json\/wp\/v2\/categories?post=4380"},{"taxonomy":"post_tag","embeddable":true,"href":"https:\/\/www.radiopresidenteibanez.cl\/web\/wp-json\/wp\/v2\/tags?post=4380"}],"curies":[{"name":"wp","href":"https:\/\/api.w.org\/{rel}","templated":true}]}}