{"id":43759,"date":"2023-10-31T11:19:00","date_gmt":"2023-10-31T14:19:00","guid":{"rendered":"https:\/\/www.radiopresidenteibanez.cl\/web\/?p=43759"},"modified":"2023-10-31T09:34:40","modified_gmt":"2023-10-31T12:34:40","slug":"seremi-de-la-mujer-expone-en-primeras-jornadas-de-cuidados-igualitarios-organizada-por-municipio-de-rio-grande","status":"publish","type":"post","link":"https:\/\/www.radiopresidenteibanez.cl\/web\/seremi-de-la-mujer-expone-en-primeras-jornadas-de-cuidados-igualitarios-organizada-por-municipio-de-rio-grande\/","title":{"rendered":"SEREMI DE LA MUJER EXPONE EN PRIMERAS JORNADAS DE CUIDADOS IGUALITARIOS ORGANIZADA POR MUNICIPIO DE RIO GRANDE"},"content":{"rendered":"\n<p>Un encuentro en torno a los cuidados que congreg\u00f3 a m\u00e1s de 400 personas en la ciudad de R\u00edo<br>Grande, en la provincia de Tierra del Fuego, Ant\u00e1rtida e Islas del Atl\u00e1ntico Sur (Argentina),<br>organizado por el municipio hom\u00f3nimo, fue el que se desarroll\u00f3 el pasado mi\u00e9rcoles y jueves<br>denominado \u201cPrimeras Jornadas de Cuidados Igualitarios\u201d, las cuales tuvieron como fin promover<br>la visualizaci\u00f3n de los cuidados como responsabilidad social compartida, para poder repensar<br>c\u00f3mo se asignan estas responsabilidades y se distribuyen los costos de proveerlas.<br>En ese contexto, la Seremi de la Mujer y la Equidad de G\u00e9nero de Magallanes y la Ant\u00e1rtica<br>Chilena, Alejandra Ruiz Ovando, particip\u00f3 como \u00fanica representante de nuestro pa\u00eds, instancia en<br>la que expuso la actual creaci\u00f3n de un Sistema Nacional de Cuidados, como parte del programa de<br>Gobierno del Presidente Gabriel Boric, pol\u00edtica que busca relevar la corresponsabilidad sobre<br>los cuidados, labor que hist\u00f3ricamente ha reca\u00eddo en las mujeres en el espacio privado, y<br>donde el Estado no ha estado presente.<br>\u201cHa sido muy interesante ver la voluntad pol\u00edtica que existe en Argentina para avanzar en<br>materia de cuidados, la integralidad que han tenido sus pol\u00edticas, y c\u00f3mo se ha<br>incorporado al Ministerio de Obras P\u00fablicas, por ejemplo. As\u00ed que vuelvo con mucha<br>informaci\u00f3n porque tambi\u00e9n en Chile estamos con una voluntad pol\u00edtica de avanzar y de<br>sentar las bases de un Sistema Nacional Integral de Cuidados y por lo tanto, la experiencia<br>que tiene la Patagonia Argentina en este caso es para nosotros como regi\u00f3n patag\u00f3nica,<br>de suma importancia\u201d, declar\u00f3 la autoridad.<br>En tanto desde la Secretar\u00eda de la Mujer, G\u00e9nero y Diversidad del Municipio de R\u00edo Grande<br>sustentaron la organizaci\u00f3n de las jornadas expresando que los cuidados son una actividad<br>humana fundamental, y debe entenderse como una necesidad, como un trabajo y como<br>un derecho, por lo cual tendr\u00eda que ser una responsabilidad socialmente compartida por<br>todos y todas. \u201cPara construir una sociedad m\u00e1s justa que no reproduzca la feminizaci\u00f3n y<br>precarizaci\u00f3n de este trabajo, es fundamental que haya una distribuci\u00f3n m\u00e1s igualitaria de<br>las tareas de cuidado, no solo hacia el interior de nuestros hogares, sino tambi\u00e9n que se<br>involucre al Estado, a las empresas y a toda la comunidad\u201d, detall\u00f3 la organizaci\u00f3n.<\/p>\n\n\n\n<p>Adem\u00e1s de la Seremi de la Mujer de Magallanes, la actividad cont\u00f3 con exponentes de las<br>Secretar\u00edas de la Mujer, Salud, y Desarrollo Social del Municipio de R\u00edo Grande; Secretar\u00eda<br>de Mujeres, G\u00e9neros, Diversidad y Derechos Humanos del Municipio de Mor\u00f3n; \u00c1reas<br>Mujer y Educaci\u00f3n del Municipio de Trelew; Programa de las Naciones Unidas para el<br>Desarrollo (PNUD); Consejo Nacional de Investigaciones Cient\u00edficas y T\u00e9cnicas (CONICET);<br>Instituto de Masculinidades y Cambio Social; Direcci\u00f3n Nacional de Transparencia y<br>Programa de Infraestructura del Cuidado del Ministerio de Obras P\u00fablicas; UNICEF<br>Argentina; y las diputadas argentinas Carolina Yutrovic y M\u00f3nica Macha.<br>Presupuesto 2024<br>Cabe se\u00f1alar que en Chile, el presupuesto para el 2024 contempla un aumento del 25%<br>para poder implementar el Sistema Nacional de Cuidados, el que incluye la construcci\u00f3n<br>de 20 Establecimientos de Larga Estad\u00eda para Adultos Mayores (ELEAM), la<br>implementaci\u00f3n del Programa Red Local de Apoyos y Cuidados en 46 nuevas comunas, y<br>la instalaci\u00f3n de 190 Centros Comunitarios de Cuidados (entre ellos, los de Cerro Castillo y<br>San Gregorio), entre otras iniciativas. La partida, correspondiente al Ministerio de<br>Desarrollo Social y Familia, ya fue aprobada por la Tercera Subcomisi\u00f3n Mixta del<br>Congreso el pasado 25 de octubre.<\/p>\n","protected":false},"excerpt":{"rendered":"<p>Un encuentro en torno a los cuidados que congreg\u00f3 a m\u00e1s de 400 personas en la ciudad de R\u00edoGrande, en la provincia de Tierra del Fuego, Ant\u00e1rtida e Islas del&#8230; <a class=\"read-more\" href=\"https:\/\/www.radiopresidenteibanez.cl\/web\/seremi-de-la-mujer-expone-en-primeras-jornadas-de-cuidados-igualitarios-organizada-por-municipio-de-rio-grande\/\">Leer m\u00e1s<\/a><\/p>\n","protected":false},"author":2,"featured_media":43760,"comment_status":"closed","ping_status":"closed","sticky":false,"template":"","format":"standard","meta":{"footnotes":""},"categories":[1],"tags":[],"class_list":["post-43759","post","type-post","status-publish","format-standard","has-post-thumbnail","hentry","category-cronica"],"_links":{"self":[{"href":"https:\/\/www.radiopresidenteibanez.cl\/web\/wp-json\/wp\/v2\/posts\/43759","targetHints":{"allow":["GET"]}}],"collection":[{"href":"https:\/\/www.radiopresidenteibanez.cl\/web\/wp-json\/wp\/v2\/posts"}],"about":[{"href":"https:\/\/www.radiopresidenteibanez.cl\/web\/wp-json\/wp\/v2\/types\/post"}],"author":[{"embeddable":true,"href":"https:\/\/www.radiopresidenteibanez.cl\/web\/wp-json\/wp\/v2\/users\/2"}],"replies":[{"embeddable":true,"href":"https:\/\/www.radiopresidenteibanez.cl\/web\/wp-json\/wp\/v2\/comments?post=43759"}],"version-history":[{"count":0,"href":"https:\/\/www.radiopresidenteibanez.cl\/web\/wp-json\/wp\/v2\/posts\/43759\/revisions"}],"wp:featuredmedia":[{"embeddable":true,"href":"https:\/\/www.radiopresidenteibanez.cl\/web\/wp-json\/wp\/v2\/media\/43760"}],"wp:attachment":[{"href":"https:\/\/www.radiopresidenteibanez.cl\/web\/wp-json\/wp\/v2\/media?parent=43759"}],"wp:term":[{"taxonomy":"category","embeddable":true,"href":"https:\/\/www.radiopresidenteibanez.cl\/web\/wp-json\/wp\/v2\/categories?post=43759"},{"taxonomy":"post_tag","embeddable":true,"href":"https:\/\/www.radiopresidenteibanez.cl\/web\/wp-json\/wp\/v2\/tags?post=43759"}],"curies":[{"name":"wp","href":"https:\/\/api.w.org\/{rel}","templated":true}]}}