{"id":43753,"date":"2023-10-31T09:24:00","date_gmt":"2023-10-31T12:24:00","guid":{"rendered":"https:\/\/www.radiopresidenteibanez.cl\/web\/?p=43753"},"modified":"2023-10-31T08:24:58","modified_gmt":"2023-10-31T11:24:58","slug":"homenajeando-a-la-tripulacion-de-la-goleta-ancud-escuela-croacia-celebro-sus-67-anos","status":"publish","type":"post","link":"https:\/\/www.radiopresidenteibanez.cl\/web\/homenajeando-a-la-tripulacion-de-la-goleta-ancud-escuela-croacia-celebro-sus-67-anos\/","title":{"rendered":"HOMENAJEANDO A LA TRIPULACION DE LA GOLETA ANCUD ESCUELA CROACIA CELEBRO SUS 67 A\u00d1OS"},"content":{"rendered":"\n<p>Con una presentaci\u00f3n homenajeando a la tripulaci\u00f3n de la Goleta Ancud y el legendario viaje que realizaron en 1843 para agregar el Estrecho de Magallanes a la soberan\u00eda de Chile, el pasado jueves 26 se desarroll\u00f3 una velada art\u00edstica en que la comunidad educativa de la Escuela Rep\u00fablica de Croacia celebr\u00f3 sus 67 a\u00f1os de vida. La actividad convoc\u00f3 a 85 estudiantes, desde pre kinder hasta 8\u00b0 b\u00e1sico, quienes trabajaron ardua y comprometidamente para representar este fundamental cap\u00edtulo de nuestra historia regional y nacional.<\/p>\n\n\n\n<p>Confluyeron los elencos de teatro, m\u00fasica (vocal, instrumental y taller de viol\u00edn) y danza en una presentaci\u00f3n que se conecta con las veladas anteriores, que comenzaron narrando la historia de los pueblos originarios (2018), luego Hernando de Magallanes (2019), posteriormente la de Francis Drake y los piratas de la Tierra Inc\u00f3gnita (2022) para luego representar la traves\u00eda de los hombres y mujeres de la Goleta Ancud. El formato de estas veladas que ha ido desarrollando el establecimiento en los \u00faltimos a\u00f1os corresponde a una obra de teatro en que las intervenciones y n\u00fameros art\u00edsticos est\u00e1n dentro de la historia y son interpretadas por los elencos musicales del establecimiento.<\/p>\n\n\n\n<p>Esta iniciativa, que fue resultado de un trabajo conjunto realizado durante m\u00e1s de dos meses, est\u00e1 ligado al sello art\u00edstico cultural de la Escuela Croacia, que, junto al sello medioambiental, son las bases transversales del quehacer educativo del establecimiento.<\/p>\n\n\n\n<p>La comunidad educativa de la Escuela Croacia adem\u00e1s manifiesta sus agradecimientos al Colectivo de Artes Matices, que durante la velada montaron una exposici\u00f3n de sus obras, las que tiene por tem\u00e1tica el viaje de la Goleta Ancud y la toma de posesi\u00f3n del Estrecho de Magallanes y, a Paulo G\u00e1lvez Rivera, invitado&nbsp; que represent\u00f3 la voz del viento, narrador de la obra.<\/p>\n","protected":false},"excerpt":{"rendered":"<p>Con una presentaci\u00f3n homenajeando a la tripulaci\u00f3n de la Goleta Ancud y el legendario viaje que realizaron en 1843 para agregar el Estrecho de Magallanes a la soberan\u00eda de Chile,&#8230; <a class=\"read-more\" href=\"https:\/\/www.radiopresidenteibanez.cl\/web\/homenajeando-a-la-tripulacion-de-la-goleta-ancud-escuela-croacia-celebro-sus-67-anos\/\">Leer m\u00e1s<\/a><\/p>\n","protected":false},"author":2,"featured_media":43754,"comment_status":"closed","ping_status":"closed","sticky":false,"template":"","format":"standard","meta":{"footnotes":""},"categories":[1],"tags":[],"class_list":["post-43753","post","type-post","status-publish","format-standard","has-post-thumbnail","hentry","category-cronica"],"_links":{"self":[{"href":"https:\/\/www.radiopresidenteibanez.cl\/web\/wp-json\/wp\/v2\/posts\/43753","targetHints":{"allow":["GET"]}}],"collection":[{"href":"https:\/\/www.radiopresidenteibanez.cl\/web\/wp-json\/wp\/v2\/posts"}],"about":[{"href":"https:\/\/www.radiopresidenteibanez.cl\/web\/wp-json\/wp\/v2\/types\/post"}],"author":[{"embeddable":true,"href":"https:\/\/www.radiopresidenteibanez.cl\/web\/wp-json\/wp\/v2\/users\/2"}],"replies":[{"embeddable":true,"href":"https:\/\/www.radiopresidenteibanez.cl\/web\/wp-json\/wp\/v2\/comments?post=43753"}],"version-history":[{"count":0,"href":"https:\/\/www.radiopresidenteibanez.cl\/web\/wp-json\/wp\/v2\/posts\/43753\/revisions"}],"wp:featuredmedia":[{"embeddable":true,"href":"https:\/\/www.radiopresidenteibanez.cl\/web\/wp-json\/wp\/v2\/media\/43754"}],"wp:attachment":[{"href":"https:\/\/www.radiopresidenteibanez.cl\/web\/wp-json\/wp\/v2\/media?parent=43753"}],"wp:term":[{"taxonomy":"category","embeddable":true,"href":"https:\/\/www.radiopresidenteibanez.cl\/web\/wp-json\/wp\/v2\/categories?post=43753"},{"taxonomy":"post_tag","embeddable":true,"href":"https:\/\/www.radiopresidenteibanez.cl\/web\/wp-json\/wp\/v2\/tags?post=43753"}],"curies":[{"name":"wp","href":"https:\/\/api.w.org\/{rel}","templated":true}]}}