{"id":43750,"date":"2023-10-31T08:17:00","date_gmt":"2023-10-31T11:17:00","guid":{"rendered":"https:\/\/www.radiopresidenteibanez.cl\/web\/?p=43750"},"modified":"2023-10-31T08:13:49","modified_gmt":"2023-10-31T11:13:49","slug":"delegado-presidencial-destaco-historica-inversion-regional-y-sectorial-para-mejorar-servicio-de-transporte-pipublico","status":"publish","type":"post","link":"https:\/\/www.radiopresidenteibanez.cl\/web\/delegado-presidencial-destaco-historica-inversion-regional-y-sectorial-para-mejorar-servicio-de-transporte-pipublico\/","title":{"rendered":"DELEGADO PRESIDENCIAL DESTACO HISTORICA INVERSION REGIONAL Y SECTORIAL PARA MEJORAR SERVICIO DE TRANSPORTE PIPUBLICO"},"content":{"rendered":"\n<p>El Consejo Regional aprob\u00f3 una inversi\u00f3n de 30 mil millones de pesos destinada a la infraestructura del transporte p\u00fablico mayor, que incluye la construcci\u00f3n de un electroterminal y la adquisici\u00f3n de 100 buses el\u00e9ctricos. Adem\u00e1s, el Ministerio de Transporte se compromete a destinar 101 mil millones de pesos para la operaci\u00f3n del transporte p\u00fablico mayor en Punta Arenas.<br>\u201cEste contrato es el m\u00e1s grande realizado en el pa\u00eds a nivel regional y representa un hito<br>significativo en el \u00e1mbito del transporte p\u00fablico. Hay que valorar la disposici\u00f3n y visi\u00f3n de futuro<br>del Consejo Regional, como cuerpo colegiado cuando se trata del bienestar de Magallanes\u201d,<br>expres\u00f3 Jos\u00e9 Ruiz Pivcevic, Delegado Presidencial Regional.<br>La autoridad detall\u00f3 que este proyecto se suma a la mejora de los paraderos, que actualmente<br>est\u00e1 en desarrollo y que incluye 10 que contar\u00e1n con informaci\u00f3n vial y pantallas digitales, con una<br>inversi\u00f3n de 300 millones de pesos. Adem\u00e1s de la reorganizaci\u00f3n de carriles exclusivos para el<br>transporte p\u00fablico en Punta Arenas, y la modernizaci\u00f3n de la red de sem\u00e1foros de la ciudad.<br>\u00abEstos elementos esenciales se centran en la gesti\u00f3n \u00f3ptima del espacio vial, fomentando la<br>sostenibilidad y la equidad, al mismo tiempo que mantienen elevados est\u00e1ndares con el prop\u00f3sito<br>de mejorar la calidad de vida de los habitantes de Magallanes. Esto se traduce en un avance<br>significativo para la regi\u00f3n en la b\u00fasqueda de un sistema de transporte p\u00fablico m\u00e1s eficiente y<br>respetuoso con el medio ambiente\u00bb, subray\u00f3 Ruiz.<br>Los buses el\u00e9ctricos permiten reducir los costos de mantenimiento y costos de energ\u00eda por<br>kil\u00f3metro. Operar de forma sustentable. Todo en la l\u00ednea de combatir el cambio clim\u00e1tico, reducir<br>emisiones de CO2 y la contaminaci\u00f3n ambiental, los buses el\u00e9ctricos son mejores que los buses de<br>combusti\u00f3n que vienen a reemplazar. En capacidad permiten 21 pasajeros sentados y otros 22 de<br>pie.<br>La inversi\u00f3n total en autobuses asciende a 21.6 mil millones, en tanto 8 mil y fracci\u00f3n se destinan a<br>la construcci\u00f3n del terminal, y 2 mil millones se utilizan para la adquisici\u00f3n del terreno.<br>Por otro lado, el Seremi de Transportes y telecomunicaciones, Rodrigo Hern\u00e1ndez, asegur\u00f3 que el<br>transporte p\u00fablico se erige como la herramienta m\u00e1s efectiva para combatir la congesti\u00f3n<br>vehicular.<\/p>\n\n\n\n<p>\u201cUn veh\u00edculo privado genera una congesti\u00f3n hasta nueve veces mayor en comparaci\u00f3n con un<br>autob\u00fas de transporte p\u00fablico. La l\u00f3gica es simple: cuantos m\u00e1s autobuses, menor congesti\u00f3n\u201d,<br>puntualiz\u00f3.<br>Actualmente, el sistema de transporte p\u00fablico urbano de la ciudad de Punta Arenas es realizado<br>mediante una flota de 70 buses di\u00e9sel operada por una empresa en base a un contrato que<br>establece las condiciones operaciones. Con esta nueva flota llegar\u00e1 a 170 buses, aumentado la<br>capacidad de atenci\u00f3n para los usuarios del transporte p\u00fablico.<\/p>\n","protected":false},"excerpt":{"rendered":"<p>El Consejo Regional aprob\u00f3 una inversi\u00f3n de 30 mil millones de pesos destinada a la infraestructura del transporte p\u00fablico mayor, que incluye la construcci\u00f3n de un electroterminal y la adquisici\u00f3n&#8230; <a class=\"read-more\" href=\"https:\/\/www.radiopresidenteibanez.cl\/web\/delegado-presidencial-destaco-historica-inversion-regional-y-sectorial-para-mejorar-servicio-de-transporte-pipublico\/\">Leer m\u00e1s<\/a><\/p>\n","protected":false},"author":2,"featured_media":43751,"comment_status":"closed","ping_status":"closed","sticky":false,"template":"","format":"standard","meta":{"footnotes":""},"categories":[1],"tags":[],"class_list":["post-43750","post","type-post","status-publish","format-standard","has-post-thumbnail","hentry","category-cronica"],"_links":{"self":[{"href":"https:\/\/www.radiopresidenteibanez.cl\/web\/wp-json\/wp\/v2\/posts\/43750","targetHints":{"allow":["GET"]}}],"collection":[{"href":"https:\/\/www.radiopresidenteibanez.cl\/web\/wp-json\/wp\/v2\/posts"}],"about":[{"href":"https:\/\/www.radiopresidenteibanez.cl\/web\/wp-json\/wp\/v2\/types\/post"}],"author":[{"embeddable":true,"href":"https:\/\/www.radiopresidenteibanez.cl\/web\/wp-json\/wp\/v2\/users\/2"}],"replies":[{"embeddable":true,"href":"https:\/\/www.radiopresidenteibanez.cl\/web\/wp-json\/wp\/v2\/comments?post=43750"}],"version-history":[{"count":0,"href":"https:\/\/www.radiopresidenteibanez.cl\/web\/wp-json\/wp\/v2\/posts\/43750\/revisions"}],"wp:featuredmedia":[{"embeddable":true,"href":"https:\/\/www.radiopresidenteibanez.cl\/web\/wp-json\/wp\/v2\/media\/43751"}],"wp:attachment":[{"href":"https:\/\/www.radiopresidenteibanez.cl\/web\/wp-json\/wp\/v2\/media?parent=43750"}],"wp:term":[{"taxonomy":"category","embeddable":true,"href":"https:\/\/www.radiopresidenteibanez.cl\/web\/wp-json\/wp\/v2\/categories?post=43750"},{"taxonomy":"post_tag","embeddable":true,"href":"https:\/\/www.radiopresidenteibanez.cl\/web\/wp-json\/wp\/v2\/tags?post=43750"}],"curies":[{"name":"wp","href":"https:\/\/api.w.org\/{rel}","templated":true}]}}