{"id":4374,"date":"2019-05-19T14:22:32","date_gmt":"2019-05-19T14:22:32","guid":{"rendered":"http:\/\/www.radiopresidenteibanez.cl\/web\/?p=4374"},"modified":"2019-05-19T14:23:13","modified_gmt":"2019-05-19T14:23:13","slug":"con-llamado-al-autocuidado-y-pesquisa-de-enfermedad-cardiovascular-sector-salud-magallanes-conmemoro-dia-mundial-de-la-hipertension","status":"publish","type":"post","link":"https:\/\/www.radiopresidenteibanez.cl\/web\/con-llamado-al-autocuidado-y-pesquisa-de-enfermedad-cardiovascular-sector-salud-magallanes-conmemoro-dia-mundial-de-la-hipertension\/","title":{"rendered":"CON LLAMADO AL AUTOCUIDADO Y PESQUISA DE ENFERMEDAD CARDIOVASCULAR SECTOR SALUD MAGALLANES CONMEMOR\u00d3 D\u00cdA MUNDIAL DE LA HIPERTENSI\u00d3N"},"content":{"rendered":"\n<p>Con\nuna feria informativa, acceso a pesquisa de enfermedad cardiovascular y un\nclaro llamado al autocuidado y la prevenci\u00f3n, el Servicio de Salud Magallanes y\nSEREMI de Salud, con el apoyo de la carrera de Enfermer\u00eda de la Universidad de\nMagallanes, conmemoraron el D\u00eda Mundial de la Hipertensi\u00f3n.<\/p>\n\n\n\n<p>La\njornada que permiti\u00f3 a un importante n\u00famero de magall\u00e1nicos conocer sus n\u00fameros\na trav\u00e9s de la toma de su presi\u00f3n arterial e \u00edndices de glucosa en su sangre, se\ncontextualiz\u00f3 en la necesidad del sector salud de sensibilizar sobre esta\nenfermedad silenciosa, considerando que la hipertensi\u00f3n arterial (presi\u00f3n\narterial elevada) es uno de los principales factores desencadenantes de\ncardiopat\u00edas, accidentes cardiovasculares y ataques cerebrovasculares, constituyendo\nambas patolog\u00edas \u2013 card\u00edaca y vascular- la causa m\u00e1s importante de muerte\nprematura y de discapacidades. <\/p>\n\n\n\n<p>\u201cSabemos\nque esta es una de las enfermedades que m\u00e1s est\u00e1 afectando a los chilenos y a\nlos magall\u00e1nicos, por ello debemos poner especial \u00e9nfasis en los factores\nprotectores y medidas de prevenci\u00f3n, sobre todo lo que dice relaci\u00f3n con la\nalimentaci\u00f3n, el consumo<\/p>\n\n\n\n<p>de\nsal, (\u2026) siendo necesario el asistir a los establecimientos de salud para\nmantener un control y poder detectar a tiempo la hipertensi\u00f3n\u201d, enfatiz\u00f3 el\nDirector del Servicio de Salud Magallanes, Nelson Reyes Silva. <\/p>\n\n\n\n<p>De\nigual forma, la SEREMI de Salud de Magallanes, Mariela Rojas, indic\u00f3 que la\nidea de estas acciones preventivas es que la comunidad pueda conocer sus\nniveles de presi\u00f3n para que en caso que estos se encuentren elevados, puedan\niniciar acciones para abordar esta situaci\u00f3n a trav\u00e9s de un control m\u00e9dico\nquien determinar\u00e1 el tratamiento a seguir. <\/p>\n\n\n\n<p>La\nenfermera Janet Vrsalovic, encargada del Programa de Salud Cardiovascular de la\nSEREMI de Salud, se\u00f1al\u00f3 hoy estamos conmemorando el d\u00eda de la hipertensi\u00f3n\narterial o tambi\u00e9n conocido como el asesino silencioso porque muchas personas\ntienen esta condici\u00f3n, pero no lo saben o no la identifican hasta que se\nempieza a demostrar la sintomatolog\u00eda. <\/p>\n\n\n\n<p>La\nprofesional explic\u00f3 que generalmente, uno no se da cuenta de la presencia de\nesta patolog\u00eda, por eso se llama el asesino silencioso. Existen algunas como:\ntinitus que son pitos en el o\u00eddo y fotopsia, que es cuando uno ve puntos negros\nque pasan por la vista. La idea es que si uno ya est\u00e1 frente a esta sintomatolog\u00eda\nacuda a su centro de salud porque debe realizarse un control seriado de\npresi\u00f3n.<\/p>\n\n\n\n<p>Seg\u00fan\ncifras del Ministerio de Salud, 1 de cada 7 muertes en el pa\u00eds se atribuyen a\nesta patolog\u00eda y se estima que 4 de cada 10 personas mayores de 25 a\u00f1os tienen\npresi\u00f3n arterial elevada. El n\u00famero aumenta de 7 de cada 10 personas en mayores\nde 65 a\u00f1os; respecto de la situaci\u00f3n en Magallanes, al 31 de diciembre de 2018\nse registraban 17.681 personas bajo control por Hipertensi\u00f3n Arterial, lo que\nequivale a un 82.99 % del total de Poblaci\u00f3n Bajo control ingresada al Programa\nde Salud Cardiovascular.<\/p>\n\n\n\n<p>Se\u00f1alar que esta importante efem\u00e9ride de salud, fue de igual forma recordada en los distintos establecimientos pertenecientes a la red asistencial, destacando mesas informativas y pesquisa de enfermedad cardiovascular en el Hospital Dr. Augusto Essmann de Puerto Natales y los Hospitales Comunitarios Cristina Calder\u00f3n de Puerto Williams y Dr. Marco Chamorro de Porvenir.<\/p>\n\n\n\n<figure class=\"wp-block-image\"><img loading=\"lazy\" decoding=\"async\" width=\"900\" height=\"628\" src=\"https:\/\/www.radiopresidenteibanez.cl\/web\/wp-content\/uploads\/2019\/05\/IMG_4685.jpg\" alt=\"\" class=\"wp-image-4375\" srcset=\"https:\/\/www.radiopresidenteibanez.cl\/web\/wp-content\/uploads\/2019\/05\/IMG_4685.jpg 900w, https:\/\/www.radiopresidenteibanez.cl\/web\/wp-content\/uploads\/2019\/05\/IMG_4685-300x209.jpg 300w, https:\/\/www.radiopresidenteibanez.cl\/web\/wp-content\/uploads\/2019\/05\/IMG_4685-768x536.jpg 768w\" sizes=\"auto, (max-width: 900px) 100vw, 900px\" \/><\/figure>\n","protected":false},"excerpt":{"rendered":"<p>Con una feria informativa, acceso a pesquisa de enfermedad cardiovascular y un claro llamado al autocuidado y la prevenci\u00f3n, el Servicio de Salud Magallanes y SEREMI de Salud, con el&#8230; <a class=\"read-more\" href=\"https:\/\/www.radiopresidenteibanez.cl\/web\/con-llamado-al-autocuidado-y-pesquisa-de-enfermedad-cardiovascular-sector-salud-magallanes-conmemoro-dia-mundial-de-la-hipertension\/\">Leer m\u00e1s<\/a><\/p>\n","protected":false},"author":2,"featured_media":4375,"comment_status":"closed","ping_status":"closed","sticky":false,"template":"","format":"standard","meta":{"footnotes":""},"categories":[1],"tags":[],"class_list":["post-4374","post","type-post","status-publish","format-standard","has-post-thumbnail","hentry","category-cronica"],"_links":{"self":[{"href":"https:\/\/www.radiopresidenteibanez.cl\/web\/wp-json\/wp\/v2\/posts\/4374","targetHints":{"allow":["GET"]}}],"collection":[{"href":"https:\/\/www.radiopresidenteibanez.cl\/web\/wp-json\/wp\/v2\/posts"}],"about":[{"href":"https:\/\/www.radiopresidenteibanez.cl\/web\/wp-json\/wp\/v2\/types\/post"}],"author":[{"embeddable":true,"href":"https:\/\/www.radiopresidenteibanez.cl\/web\/wp-json\/wp\/v2\/users\/2"}],"replies":[{"embeddable":true,"href":"https:\/\/www.radiopresidenteibanez.cl\/web\/wp-json\/wp\/v2\/comments?post=4374"}],"version-history":[{"count":0,"href":"https:\/\/www.radiopresidenteibanez.cl\/web\/wp-json\/wp\/v2\/posts\/4374\/revisions"}],"wp:featuredmedia":[{"embeddable":true,"href":"https:\/\/www.radiopresidenteibanez.cl\/web\/wp-json\/wp\/v2\/media\/4375"}],"wp:attachment":[{"href":"https:\/\/www.radiopresidenteibanez.cl\/web\/wp-json\/wp\/v2\/media?parent=4374"}],"wp:term":[{"taxonomy":"category","embeddable":true,"href":"https:\/\/www.radiopresidenteibanez.cl\/web\/wp-json\/wp\/v2\/categories?post=4374"},{"taxonomy":"post_tag","embeddable":true,"href":"https:\/\/www.radiopresidenteibanez.cl\/web\/wp-json\/wp\/v2\/tags?post=4374"}],"curies":[{"name":"wp","href":"https:\/\/api.w.org\/{rel}","templated":true}]}}