{"id":43728,"date":"2023-10-30T11:39:00","date_gmt":"2023-10-30T14:39:00","guid":{"rendered":"https:\/\/www.radiopresidenteibanez.cl\/web\/?p=43728"},"modified":"2023-10-30T08:47:57","modified_gmt":"2023-10-30T11:47:57","slug":"sernameg-y-conadi-realizan-la-decima-expo-feria-de-mujeres-emprendedoras-indigenas","status":"publish","type":"post","link":"https:\/\/www.radiopresidenteibanez.cl\/web\/sernameg-y-conadi-realizan-la-decima-expo-feria-de-mujeres-emprendedoras-indigenas\/","title":{"rendered":"SERNAMEG y CONADI REALIZAN LA DECIMA EXPO FERIA DE MUJERES EMPRENDEDORAS INDIGENAS"},"content":{"rendered":"\n<p><strong>La d\u00e9cima versi\u00f3n de la Expo Feria que se realiz\u00f3 los d\u00edas 19, 20 y 21 de octubre en la Plaza de la Constituci\u00f3n, frente al Palacio de la Moneda, es un evento<\/strong> que buscaba relevar el rol de las mujeres emprendedoras ind\u00edgenas y sus liderazgos, en el \u00e1mbito del desarrollo social, cultural y econ\u00f3mico. Es una actividad nacional que contribuya a promover sus niveles de autonom\u00eda econ\u00f3mica, reactivaci\u00f3n del turismo y las econom\u00edas familiares. Participaron m\u00e1s de 60 mujeres emprendedoras provenientes de todas las regiones del pa\u00eds y representando a todos los pueblos originarios reconocidos por la Conadi. Fueron 3 d\u00edas intensos donde las mujeres colocaron en valor la cultura y el trabajo de la mujer ind\u00edgena, enfatizando el aporte que cumple cada una en su comunidad y territorio a trav\u00e9s de sus emprendimientos con pertinencia cultural y ancestral.<\/p>\n\n\n\n<p>La Directora Nacional del SernamEG, Priscilla Carrasco Pizarro, precis\u00f3 que \u201cPara el SernamEG, es parte de un compromiso con las mujeres ind\u00edgenas, la revitalizaci\u00f3n de la cultura, la promoci\u00f3n de su autonom\u00eda econ\u00f3mica, la generaci\u00f3n de ingresos, y el trabajo de redes entre las emprendedoras de los distintos pueblos que las potencien a formar y robustecer sus redes de asociatividad. Este hito de encuentro de mujeres emprendedoras cumple 10 a\u00f1os y para nuestro servicio es muy importante empujar estos espacios donde se releve el comercio, pero tambi\u00e9n se ponga en valor la identidad de las mujeres ind\u00edgenas en toda su diversidad\u201d.<\/p>\n\n\n\n<p>Por su lado, la Directora Regional de SernamEG Magallanes, Fabiola Garc\u00eda Pinto<strong>, <\/strong>hace un reconocimiento a las 3 &nbsp;mujeres emprendedoras de la regi\u00f3n, Daniela Gallardo Navarro, Haydee \u00c1guila Caro y Mar\u00eda Ang\u00e9lica Sol\u00eds L\u00f3pez, pertenecientes a los Pueblos Yag\u00e1n y Kaw\u00e9sqar \u201cquienes postularon y fueron seleccionadas &nbsp;para representar a la regi\u00f3n de Magallanes en la D\u00e9cima Versi\u00f3n de la Expo Feria Mujer Ind\u00edgena en la ciudad de Santiago, donde, no solamente fue un espacio de visibilizaci\u00f3n y promoci\u00f3n de su cultura, sino que tambi\u00e9n de intercambio de experiencias, de dar a conocer la cosmovisi\u00f3n de los pueblos originarios, intercambiar saberes con mujeres de otras regiones y pueblos, relevando historias ancestrales, pr\u00e1cticas ancestrales, poniendo en valor a cada pueblo que estuvo representado en esta Expo Feria. <strong><\/strong><\/p>\n","protected":false},"excerpt":{"rendered":"<p>La d\u00e9cima versi\u00f3n de la Expo Feria que se realiz\u00f3 los d\u00edas 19, 20 y 21 de octubre en la Plaza de la Constituci\u00f3n, frente al Palacio de la Moneda,&#8230; <a class=\"read-more\" href=\"https:\/\/www.radiopresidenteibanez.cl\/web\/sernameg-y-conadi-realizan-la-decima-expo-feria-de-mujeres-emprendedoras-indigenas\/\">Leer m\u00e1s<\/a><\/p>\n","protected":false},"author":2,"featured_media":43729,"comment_status":"closed","ping_status":"closed","sticky":false,"template":"","format":"standard","meta":{"footnotes":""},"categories":[1],"tags":[],"class_list":["post-43728","post","type-post","status-publish","format-standard","has-post-thumbnail","hentry","category-cronica"],"_links":{"self":[{"href":"https:\/\/www.radiopresidenteibanez.cl\/web\/wp-json\/wp\/v2\/posts\/43728","targetHints":{"allow":["GET"]}}],"collection":[{"href":"https:\/\/www.radiopresidenteibanez.cl\/web\/wp-json\/wp\/v2\/posts"}],"about":[{"href":"https:\/\/www.radiopresidenteibanez.cl\/web\/wp-json\/wp\/v2\/types\/post"}],"author":[{"embeddable":true,"href":"https:\/\/www.radiopresidenteibanez.cl\/web\/wp-json\/wp\/v2\/users\/2"}],"replies":[{"embeddable":true,"href":"https:\/\/www.radiopresidenteibanez.cl\/web\/wp-json\/wp\/v2\/comments?post=43728"}],"version-history":[{"count":0,"href":"https:\/\/www.radiopresidenteibanez.cl\/web\/wp-json\/wp\/v2\/posts\/43728\/revisions"}],"wp:featuredmedia":[{"embeddable":true,"href":"https:\/\/www.radiopresidenteibanez.cl\/web\/wp-json\/wp\/v2\/media\/43729"}],"wp:attachment":[{"href":"https:\/\/www.radiopresidenteibanez.cl\/web\/wp-json\/wp\/v2\/media?parent=43728"}],"wp:term":[{"taxonomy":"category","embeddable":true,"href":"https:\/\/www.radiopresidenteibanez.cl\/web\/wp-json\/wp\/v2\/categories?post=43728"},{"taxonomy":"post_tag","embeddable":true,"href":"https:\/\/www.radiopresidenteibanez.cl\/web\/wp-json\/wp\/v2\/tags?post=43728"}],"curies":[{"name":"wp","href":"https:\/\/api.w.org\/{rel}","templated":true}]}}