{"id":43725,"date":"2023-10-30T08:50:00","date_gmt":"2023-10-30T11:50:00","guid":{"rendered":"https:\/\/www.radiopresidenteibanez.cl\/web\/?p=43725"},"modified":"2023-10-30T08:38:43","modified_gmt":"2023-10-30T11:38:43","slug":"poblador-companero-poblador-por-los-hijos-por-la-patria-y-el-hogar-canta-victor-jara","status":"publish","type":"post","link":"https:\/\/www.radiopresidenteibanez.cl\/web\/poblador-companero-poblador-por-los-hijos-por-la-patria-y-el-hogar-canta-victor-jara\/","title":{"rendered":"..Poblador compa\u00f1ero poblador por los hijos por la patria y el hogar..\u00bb canta Victor Jara"},"content":{"rendered":"\n<p>Se est\u00e1n cumpliendo 42 a\u00f1os desde que entre el 28 y el 31 de Octubre de 1981 se constituye la CTGACH, organizaci\u00f3n que originalmente acogi\u00f3 en su seno a distintos sindicatos de trabajadores gastron\u00f3micos y hoteleros, quienes dieron pasos de unidad ante la derogaci\u00f3n por parte de la dictadura de la ley 7.388, que entregaba un % de las ventas que iba entre el 10% y el 20% a quienes participaban del servicio en los restaurantes, fuentes de soda, salones de te , hoteles y establecimientos similares.<br>Saludar a todos los hombres y mujeres que, desafiando al sistema imperante en ese tiempo, dieron el vamos al trabajo de nuestra organizaci\u00f3n nacional.<br>Es a esta CTGACH, a la que comenzaron a integrarse sindicatos de la industria alimenticia, panificaci\u00f3n, cecinas, dulces y confites, por lo que todos resuelven en un Congreso varios a\u00f1os despu\u00e9s de su fundaci\u00f3n, llamarse desde ahi en adelante COTIACH.<br>Sigue el trabajo hacia diversas \u00e1reas con gran enfasis en la educacion y asesor\u00eda, por lo que en los a\u00f1os siguientes nos vinculamos con sindicatos de profesores de Institutos y de colegios, textiles, pl\u00e1sticos, metal\u00fargicos, construcci\u00f3n y otros sectores.<br>Estos, al no poder afiliarse a la COTIACH deciden crear, junto a nosotros, un instrumento que nos una en el trabajo sindical y constituimos en 1999 el Movimiento Sindical por los Cambios.<br>Fue el MOSICAM un ejercicio de unidad en la acci\u00f3n y a \u00e9l le correspondi\u00f3 convocar a distintas iniciativas de movilizaci\u00f3n, la mayor\u00eda de las cuales tuvieron como escenario las calles y plazas de Santiago y regiones. En cada una de las actividades se fue entregando cartillas de educaci\u00f3n sindical y se levantaron escuelas formadoras de dirigentes. Fue desde el MOSICAM que se decidi\u00f3 salir a disputar el terreno a aquellos instrumentos sindicales que antes que preocuparse del bienestar de los trabajadores ten\u00edan puesto su inter\u00e9s en fomentar un di\u00e1logo con patrones y gobierno, dejando de lado las demandas hist\u00f3ricas.<br>Es este ejercicio de trabajo conjunto el que nos llev\u00f3 a la modificaci\u00f3n del estatuto por tercera vez, pasando todos a conformar en el a\u00f1o 2004 la Confederaci\u00f3n General de Trabajadores.<br>El sue\u00f1o de la unidad amplia daba un nuevo paso hac\u00eda su concreci\u00f3n.<\/p>\n\n\n\n<p>2.- No nos hemos detenido en nuestro trabajo y \u00e9ste 42 aniversario, luego de sufrir un grave caso de corrupci\u00f3n y robo adem\u00e1s de la p\u00e9rdida de muchos sindicatos por cierre de empresa durante la pandemia, nos sorprende con la organizaci\u00f3n completamente remozada, limpia de la mugre que la cubri\u00f3 por algunos a\u00f1os y en pleno proceso de crecimiento.<br>Estamos llenos de planes, corrigiendo errores y fortaleciendo logros junto a los trabajadores, actores insustituibles en cualquier proceso de cambio. En este 42\u00ba aniversario de nuestra organizaci\u00f3n nacional saludamos a todos los que la integran y les invitamos a fortalecerla y enriquecerla cada d\u00eda, a ser parte de sus actividades e iniciativas para transformarla en la mas grande organizaci\u00f3n sindical de Chile.<br>Es nuestro desaf\u00edo, nuestro compromiso.<\/p>\n","protected":false},"excerpt":{"rendered":"<p>Se est\u00e1n cumpliendo 42 a\u00f1os desde que entre el 28 y el 31 de Octubre de 1981 se constituye la CTGACH, organizaci\u00f3n que originalmente acogi\u00f3 en su seno a distintos&#8230; <a class=\"read-more\" href=\"https:\/\/www.radiopresidenteibanez.cl\/web\/poblador-companero-poblador-por-los-hijos-por-la-patria-y-el-hogar-canta-victor-jara\/\">Leer m\u00e1s<\/a><\/p>\n","protected":false},"author":2,"featured_media":43726,"comment_status":"closed","ping_status":"closed","sticky":false,"template":"","format":"standard","meta":{"footnotes":""},"categories":[1],"tags":[],"class_list":["post-43725","post","type-post","status-publish","format-standard","has-post-thumbnail","hentry","category-cronica"],"_links":{"self":[{"href":"https:\/\/www.radiopresidenteibanez.cl\/web\/wp-json\/wp\/v2\/posts\/43725","targetHints":{"allow":["GET"]}}],"collection":[{"href":"https:\/\/www.radiopresidenteibanez.cl\/web\/wp-json\/wp\/v2\/posts"}],"about":[{"href":"https:\/\/www.radiopresidenteibanez.cl\/web\/wp-json\/wp\/v2\/types\/post"}],"author":[{"embeddable":true,"href":"https:\/\/www.radiopresidenteibanez.cl\/web\/wp-json\/wp\/v2\/users\/2"}],"replies":[{"embeddable":true,"href":"https:\/\/www.radiopresidenteibanez.cl\/web\/wp-json\/wp\/v2\/comments?post=43725"}],"version-history":[{"count":0,"href":"https:\/\/www.radiopresidenteibanez.cl\/web\/wp-json\/wp\/v2\/posts\/43725\/revisions"}],"wp:featuredmedia":[{"embeddable":true,"href":"https:\/\/www.radiopresidenteibanez.cl\/web\/wp-json\/wp\/v2\/media\/43726"}],"wp:attachment":[{"href":"https:\/\/www.radiopresidenteibanez.cl\/web\/wp-json\/wp\/v2\/media?parent=43725"}],"wp:term":[{"taxonomy":"category","embeddable":true,"href":"https:\/\/www.radiopresidenteibanez.cl\/web\/wp-json\/wp\/v2\/categories?post=43725"},{"taxonomy":"post_tag","embeddable":true,"href":"https:\/\/www.radiopresidenteibanez.cl\/web\/wp-json\/wp\/v2\/tags?post=43725"}],"curies":[{"name":"wp","href":"https:\/\/api.w.org\/{rel}","templated":true}]}}