{"id":43722,"date":"2023-10-30T10:24:00","date_gmt":"2023-10-30T13:24:00","guid":{"rendered":"https:\/\/www.radiopresidenteibanez.cl\/web\/?p=43722"},"modified":"2023-10-30T08:35:00","modified_gmt":"2023-10-30T11:35:00","slug":"senador-kusanovic-expuso-sobre-la-vision-del-desarrollo-de-la-region-de-magallanes-y-la-antartica","status":"publish","type":"post","link":"https:\/\/www.radiopresidenteibanez.cl\/web\/senador-kusanovic-expuso-sobre-la-vision-del-desarrollo-de-la-region-de-magallanes-y-la-antartica\/","title":{"rendered":"SENADOR KUSANOVIC EXPUSO SOBRE LA VISION DEL DESARROLLO DE LA REGION DE MAGALLANES Y LA ANTARTICA"},"content":{"rendered":"\n<p>Acompa\u00f1ado de ex autoridades de Gobierno y acad\u00e9micos de la Universidad Aut\u00f3noma de Chile, el senador por Magallanes, Alejandro Kusanovic, realiz\u00f3 una ponencia en el lanzamiento del libro \u201cUna nueva australidad para Chile. Perspectivas, miradas y valoraciones\u201d, que recoge art\u00edculos de destacados profesionales e investigadores sobre el territorio austral y que invitan a una reflexi\u00f3n profunda sobre el papel, las responsabilidades y las capacidades que Chile debe impulsar en la zona austral.<\/p>\n\n\n\n<p>El evento conto con importantes expositores como la Dra Alicia Gallardo Magno, ex subsecretaria de Pesca y Acuicultura y ex Directora Nacional de Sernapesca\u201d; el Dr. Jorge Guzm\u00e1n Guti\u00e9rrez, acad\u00e9mico Universidad Aut\u00f3noma de Chile; y el Dr. Teodoro Ribera Neumann, rector de la Universidad Aut\u00f3noma de Chile y ex ministro de Relaciones Exteriores.<\/p>\n\n\n\n<p>En el lanzamiento, el parlamentario expuso sobre el desarrollo econ\u00f3mico de la regi\u00f3n de Magallanes, destacando las oportunidades de desarrollo que ha experimentado a trav\u00e9s del tiempo, gracias a sus ventajas comparativas y a pesar de las enormes dificultades que ha experimentado en dicho transcurso.<\/p>\n\n\n\n<p>\u201cAgradezco la invitaci\u00f3n realizada, ya que estas instancias me permiten acercar la realidad regional de Magallanes a otros rincones, promover su rica historia y entregar una visi\u00f3n de lo esforzado que ha significado su desarrollo para llegar a lo que tenemos, lo que hoy no se aprecia\u201d concluy\u00f3 el senador.<\/p>\n","protected":false},"excerpt":{"rendered":"<p>Acompa\u00f1ado de ex autoridades de Gobierno y acad\u00e9micos de la Universidad Aut\u00f3noma de Chile, el senador por Magallanes, Alejandro Kusanovic, realiz\u00f3 una ponencia en el lanzamiento del libro \u201cUna nueva&#8230; <a class=\"read-more\" href=\"https:\/\/www.radiopresidenteibanez.cl\/web\/senador-kusanovic-expuso-sobre-la-vision-del-desarrollo-de-la-region-de-magallanes-y-la-antartica\/\">Leer m\u00e1s<\/a><\/p>\n","protected":false},"author":2,"featured_media":43723,"comment_status":"closed","ping_status":"closed","sticky":false,"template":"","format":"standard","meta":{"footnotes":""},"categories":[1],"tags":[],"class_list":["post-43722","post","type-post","status-publish","format-standard","has-post-thumbnail","hentry","category-cronica"],"_links":{"self":[{"href":"https:\/\/www.radiopresidenteibanez.cl\/web\/wp-json\/wp\/v2\/posts\/43722","targetHints":{"allow":["GET"]}}],"collection":[{"href":"https:\/\/www.radiopresidenteibanez.cl\/web\/wp-json\/wp\/v2\/posts"}],"about":[{"href":"https:\/\/www.radiopresidenteibanez.cl\/web\/wp-json\/wp\/v2\/types\/post"}],"author":[{"embeddable":true,"href":"https:\/\/www.radiopresidenteibanez.cl\/web\/wp-json\/wp\/v2\/users\/2"}],"replies":[{"embeddable":true,"href":"https:\/\/www.radiopresidenteibanez.cl\/web\/wp-json\/wp\/v2\/comments?post=43722"}],"version-history":[{"count":0,"href":"https:\/\/www.radiopresidenteibanez.cl\/web\/wp-json\/wp\/v2\/posts\/43722\/revisions"}],"wp:featuredmedia":[{"embeddable":true,"href":"https:\/\/www.radiopresidenteibanez.cl\/web\/wp-json\/wp\/v2\/media\/43723"}],"wp:attachment":[{"href":"https:\/\/www.radiopresidenteibanez.cl\/web\/wp-json\/wp\/v2\/media?parent=43722"}],"wp:term":[{"taxonomy":"category","embeddable":true,"href":"https:\/\/www.radiopresidenteibanez.cl\/web\/wp-json\/wp\/v2\/categories?post=43722"},{"taxonomy":"post_tag","embeddable":true,"href":"https:\/\/www.radiopresidenteibanez.cl\/web\/wp-json\/wp\/v2\/tags?post=43722"}],"curies":[{"name":"wp","href":"https:\/\/api.w.org\/{rel}","templated":true}]}}