{"id":4371,"date":"2019-05-19T14:17:45","date_gmt":"2019-05-19T14:17:45","guid":{"rendered":"http:\/\/www.radiopresidenteibanez.cl\/web\/?p=4371"},"modified":"2019-05-19T14:18:18","modified_gmt":"2019-05-19T14:18:18","slug":"seremi-de-economia-junto-con-autoridades-de-gobierno-visitaron-empresa-regional-que-sera-beneficiada-por-la-ley-de-pago-a-30-dias","status":"publish","type":"post","link":"https:\/\/www.radiopresidenteibanez.cl\/web\/seremi-de-economia-junto-con-autoridades-de-gobierno-visitaron-empresa-regional-que-sera-beneficiada-por-la-ley-de-pago-a-30-dias\/","title":{"rendered":"SEREMI DE ECONOM\u00cdA JUNTO CON AUTORIDADES DE GOBIERNO  VISITARON EMPRESA REGIONAL QUE SER\u00c1 BENEFICIADA POR LA LEY DE PAGO A 30 D\u00cdAS."},"content":{"rendered":"\n<p>El d\u00eda 16 de mayo del 2019\nser\u00e1 un d\u00eda muy recordado por las pymes de nuestro pa\u00eds, la entrada en vigencia\nla ley de pago en 30 d\u00edas marca un hito hist\u00f3rico, un d\u00eda en el que despu\u00e9s de\nuna lucha de m\u00e1s de 15 a\u00f1os, se logra dar un paso concreto hace una cancha m\u00e1s\npareja, entregando certezas del plazo de pago y monto de las facturas a las\npymes de Chile. <\/p>\n\n\n\n<p>Esta ley es tremendamente\nrelevante para las peque\u00f1as y medianas empresas, puesto que son quienes se ven\nm\u00e1s afectadas cuando sus clientes no les pagan a tiempo, generando en muchas\nocasiones importantes problemas de liquidez y escases de flujo de caja, lo que\npuede incluso llevarlas a la quiebra.<\/p>\n\n\n\n<p>La Ley Pago a 30 d\u00edas tendr\u00e1\nuna implementaci\u00f3n paulatina. En una primera etapa, las empresas tendr\u00e1n un\nplazo m\u00e1ximo de 60 d\u00edas para el pago de facturas, mientras que el sector\np\u00fablico (exceptuando el sector salud, Cenabast y municipios) dar\u00e1 el ejemplo\ndesde el primer d\u00eda pagando a 30 d\u00edas. A partir del 16 de febrero del 2021,\ntodas las empresas deber\u00e1n pagar a 30 d\u00edas desde la fecha de facturaci\u00f3n.<\/p>\n\n\n\n<p>Desde gobierno del Presidente\nPi\u00f1era, el Ministerio de Econom\u00eda, Fomento y Turismo est\u00e1 llevando a delante diversas\niniciativas que buscan emparejar la cancha y otorgar mejores condiciones y\nmayores oportunidades a las pymes, valorando el trabajo y esfuerzo que hay\ndetr\u00e1s de ellas, y considerando que con m\u00e1s de 1.000.000.000 a nivel pa\u00eds y\ncerca de 12.000 a nivel local. <\/p>\n\n\n\n<p>En este contexto, durante la\nma\u00f1ana del jueves 16 de mayo, Seremi de Econom\u00eda, Natalia Easton, acompa\u00f1ada de la Seremi de Gobierno Alejandra Mu\u00f1oz\nQuiroz, Seremi de Hacienda Lil Garces, Seremi de Deporte Odette Callahan y Jefe\nde la Unidad Regional de la Subdere Jacques Roux visitaron la empresa\nregional Inversiones CER. Empresa 100% Magall\u00e1nica, con m\u00e1s de 20 a\u00f1os de\nexperiencia en la reparaci\u00f3n de parabrisas y lunetas de autom\u00f3viles de\ndiferentes magnitudes. &nbsp;&nbsp;<\/p>\n\n\n\n<p>La Gerente de Inversiones CER,\nDaniela Arecheta, agradeci\u00f3 la iniciativa del gobierno, ya que atacar\u00e1 una\nproblem\u00e1tica que lleva por a\u00f1os afectando a su empresa. El 70% de sus ventas se\nrealizan por medio de facturas y, en muchas oportunidades, sus clientes no\nrealizan el pago en los tiempos establecidos, pudiendo superar los 100 d\u00edas\nposteriores a la facturaci\u00f3n para gatillar el pago. Lo anterior ha hecho\nnecesario contar con una persona dedicada a la cobranza de clientes morosos y\nas\u00ed lograr gatillar el cobro. <\/p>\n\n\n\n<p>Natalia Easton, Seremi de la cartera, expres\u00f3 que \u201cla suma urgencia que dio nuestro gobierno en 2018 a esta ley es una clara muestra de que el compromiso de nuestro presidente con las pymes es real, y queremos avanzar en medidas concretas que las favorezcan. La Ley no s\u00f3lo devolver\u00e1 a las pymes su capital de trabajo y les dar\u00e1 certezas, tambi\u00e9n busca lograr un cambio en la cultura de pagos a nivel pa\u00eds, contribuyendo a una econom\u00eda m\u00e1s sana, din\u00e1mica y robusta\u201d.<\/p>\n\n\n\n<figure class=\"wp-block-image\"><img loading=\"lazy\" decoding=\"async\" width=\"900\" height=\"675\" src=\"https:\/\/www.radiopresidenteibanez.cl\/web\/wp-content\/uploads\/2019\/05\/IMG_8300.jpg\" alt=\"\" class=\"wp-image-4372\" srcset=\"https:\/\/www.radiopresidenteibanez.cl\/web\/wp-content\/uploads\/2019\/05\/IMG_8300.jpg 900w, https:\/\/www.radiopresidenteibanez.cl\/web\/wp-content\/uploads\/2019\/05\/IMG_8300-300x225.jpg 300w, https:\/\/www.radiopresidenteibanez.cl\/web\/wp-content\/uploads\/2019\/05\/IMG_8300-768x576.jpg 768w\" sizes=\"auto, (max-width: 900px) 100vw, 900px\" \/><\/figure>\n","protected":false},"excerpt":{"rendered":"<p>El d\u00eda 16 de mayo del 2019 ser\u00e1 un d\u00eda muy recordado por las pymes de nuestro pa\u00eds, la entrada en vigencia la ley de pago en 30 d\u00edas marca&#8230; <a class=\"read-more\" href=\"https:\/\/www.radiopresidenteibanez.cl\/web\/seremi-de-economia-junto-con-autoridades-de-gobierno-visitaron-empresa-regional-que-sera-beneficiada-por-la-ley-de-pago-a-30-dias\/\">Leer m\u00e1s<\/a><\/p>\n","protected":false},"author":2,"featured_media":4372,"comment_status":"closed","ping_status":"closed","sticky":false,"template":"","format":"standard","meta":{"footnotes":""},"categories":[1],"tags":[],"class_list":["post-4371","post","type-post","status-publish","format-standard","has-post-thumbnail","hentry","category-cronica"],"_links":{"self":[{"href":"https:\/\/www.radiopresidenteibanez.cl\/web\/wp-json\/wp\/v2\/posts\/4371","targetHints":{"allow":["GET"]}}],"collection":[{"href":"https:\/\/www.radiopresidenteibanez.cl\/web\/wp-json\/wp\/v2\/posts"}],"about":[{"href":"https:\/\/www.radiopresidenteibanez.cl\/web\/wp-json\/wp\/v2\/types\/post"}],"author":[{"embeddable":true,"href":"https:\/\/www.radiopresidenteibanez.cl\/web\/wp-json\/wp\/v2\/users\/2"}],"replies":[{"embeddable":true,"href":"https:\/\/www.radiopresidenteibanez.cl\/web\/wp-json\/wp\/v2\/comments?post=4371"}],"version-history":[{"count":0,"href":"https:\/\/www.radiopresidenteibanez.cl\/web\/wp-json\/wp\/v2\/posts\/4371\/revisions"}],"wp:featuredmedia":[{"embeddable":true,"href":"https:\/\/www.radiopresidenteibanez.cl\/web\/wp-json\/wp\/v2\/media\/4372"}],"wp:attachment":[{"href":"https:\/\/www.radiopresidenteibanez.cl\/web\/wp-json\/wp\/v2\/media?parent=4371"}],"wp:term":[{"taxonomy":"category","embeddable":true,"href":"https:\/\/www.radiopresidenteibanez.cl\/web\/wp-json\/wp\/v2\/categories?post=4371"},{"taxonomy":"post_tag","embeddable":true,"href":"https:\/\/www.radiopresidenteibanez.cl\/web\/wp-json\/wp\/v2\/tags?post=4371"}],"curies":[{"name":"wp","href":"https:\/\/api.w.org\/{rel}","templated":true}]}}