{"id":43700,"date":"2023-10-26T14:27:00","date_gmt":"2023-10-26T17:27:00","guid":{"rendered":"https:\/\/www.radiopresidenteibanez.cl\/web\/?p=43700"},"modified":"2023-10-26T11:00:45","modified_gmt":"2023-10-26T14:00:45","slug":"concejala-veronica-aguilar-muestra-su-preocupacion-ante-la-tardia-entrega-del-plan-comunal-de-salud","status":"publish","type":"post","link":"https:\/\/www.radiopresidenteibanez.cl\/web\/concejala-veronica-aguilar-muestra-su-preocupacion-ante-la-tardia-entrega-del-plan-comunal-de-salud\/","title":{"rendered":"CONCEJALA VERONICA AGUILAR MUESTRA SU PREOCUPACION ANTE LA TARDIA ENTREGA DEL PLAN COMUNAL DE SALUD"},"content":{"rendered":"\n<p>Durante la sesi\u00f3n n\u00famero 84 del Concejo Municipal de Punta Arenas, la concejala y<br>presidenta de la comisi\u00f3n de Salud, Ver\u00f3nica Aguilar, solicit\u00f3 al alcalde, Claudio<br>Radonich y al jefe del \u00e1rea de Salud de la Corporaci\u00f3n Municipal (Cormupa), Pedro<br>Jofre, informaci\u00f3n sobre el Plan Comunal de Salud.<br>En la ocasi\u00f3n, durante la sesi\u00f3n antes mencionada, el jefe del \u00e1rea de Salud se<br>comprometi\u00f3 a que este documento ser\u00eda entregado durante la semana del 22 de<br>octubre, lo que a la fecha no ha sucedido, por lo que la concejala Aguilar, solicit\u00f3<br>por escrito la entrega de este instrumento para que pueda ser analizado con<br>tiempo para su aprobaci\u00f3n.<br>La respuesta recibida no dej\u00f3 conforme a la presidenta de la comisi\u00f3n, ya que,<br>desde el \u00e1rea de salud, le informaron que este documento ser\u00eda entregado la<br>primera semana de noviembre, aludiendo a que a\u00fan faltan datos por agregar.<br>Ante esto, la concejala Ver\u00f3nica Aguilar, mencion\u00f3 que \u201cesperamos que la nueva<br>fecha de entrega sea cumplida, este plan debe ser revisado con rigurosidad de tal<br>forma que sea un beneficio para las m\u00e1s de 90 mil vecinas y vecinos que se<br>atienden en el \u00e1rea municipal\u201d.<br>Dicho Plan Comunal de Salud, debe ser revisado tanto por los concejales de la<br>comuna, mesa de profesionales, entre ellos; Sociedad Civil, Confusam y Cosoc, para<br>poder ser ingresado a la tabla del concejo municipal, para su posterior aprobaci\u00f3n.<br>Finalmente, recordar que, actualmente el concejo municipal se encuentra en plena<br>discusi\u00f3n del presupuesto 2024, y la entrega tard\u00eda de este plan podr\u00eda afectar la<br>aprobaci\u00f3n real de los dineros, ya que dentro del Plan Comunal de Salud, se debe<br>esclarecer como se trabajar\u00e1 durante el a\u00f1o entrante, dotaci\u00f3n y presupuesto que<br>se requerir\u00e1 por parte del municipio para abarcar herramientas municipales que<br>van en beneficio de la comunidad, entre ellos; \u201cPunta Arenas Te Cuida\u201d, Farmacias<br>Comunales, \u00d3pticas y m\u00e1s.<\/p>\n","protected":false},"excerpt":{"rendered":"<p>Durante la sesi\u00f3n n\u00famero 84 del Concejo Municipal de Punta Arenas, la concejala ypresidenta de la comisi\u00f3n de Salud, Ver\u00f3nica Aguilar, solicit\u00f3 al alcalde, ClaudioRadonich y al jefe del \u00e1rea&#8230; <a class=\"read-more\" href=\"https:\/\/www.radiopresidenteibanez.cl\/web\/concejala-veronica-aguilar-muestra-su-preocupacion-ante-la-tardia-entrega-del-plan-comunal-de-salud\/\">Leer m\u00e1s<\/a><\/p>\n","protected":false},"author":2,"featured_media":43701,"comment_status":"closed","ping_status":"closed","sticky":false,"template":"","format":"standard","meta":{"footnotes":""},"categories":[1],"tags":[],"class_list":["post-43700","post","type-post","status-publish","format-standard","has-post-thumbnail","hentry","category-cronica"],"_links":{"self":[{"href":"https:\/\/www.radiopresidenteibanez.cl\/web\/wp-json\/wp\/v2\/posts\/43700","targetHints":{"allow":["GET"]}}],"collection":[{"href":"https:\/\/www.radiopresidenteibanez.cl\/web\/wp-json\/wp\/v2\/posts"}],"about":[{"href":"https:\/\/www.radiopresidenteibanez.cl\/web\/wp-json\/wp\/v2\/types\/post"}],"author":[{"embeddable":true,"href":"https:\/\/www.radiopresidenteibanez.cl\/web\/wp-json\/wp\/v2\/users\/2"}],"replies":[{"embeddable":true,"href":"https:\/\/www.radiopresidenteibanez.cl\/web\/wp-json\/wp\/v2\/comments?post=43700"}],"version-history":[{"count":0,"href":"https:\/\/www.radiopresidenteibanez.cl\/web\/wp-json\/wp\/v2\/posts\/43700\/revisions"}],"wp:featuredmedia":[{"embeddable":true,"href":"https:\/\/www.radiopresidenteibanez.cl\/web\/wp-json\/wp\/v2\/media\/43701"}],"wp:attachment":[{"href":"https:\/\/www.radiopresidenteibanez.cl\/web\/wp-json\/wp\/v2\/media?parent=43700"}],"wp:term":[{"taxonomy":"category","embeddable":true,"href":"https:\/\/www.radiopresidenteibanez.cl\/web\/wp-json\/wp\/v2\/categories?post=43700"},{"taxonomy":"post_tag","embeddable":true,"href":"https:\/\/www.radiopresidenteibanez.cl\/web\/wp-json\/wp\/v2\/tags?post=43700"}],"curies":[{"name":"wp","href":"https:\/\/api.w.org\/{rel}","templated":true}]}}